{"id":122,"date":"2008-07-11T19:37:02","date_gmt":"2008-07-11T18:37:02","guid":{"rendered":"http:\/\/www.zipf-net.de\/blog\/index.php\/archives\/122\/neue-honda-vfr\/"},"modified":"2008-07-11T19:37:02","modified_gmt":"2008-07-11T18:37:02","slug":"neue-honda-vfr","status":"publish","type":"post","link":"https:\/\/www.zipf-net.de\/blog\/neue-honda-vfr\/","title":{"rendered":"Neue Honda VFR?"},"content":{"rendered":"<p>Die Ger\u00fcchte werden immer lauter. Schon 2006 gab es erste Berichte, im Herbst soll es jetzt tats\u00e4chlich soweit sein.<br \/>\nDie neue Honda VFR soll kommen.<br \/>\nNach \u00fcber sechs Jahren soll es eine komplett neue Ausgabe der neuen VFR geben. Mit ihr soll angeblich auch die CBR 1100 XX abgel\u00f6st werden, da die VFR endlich das bekommt wonach tausende von VFR-Fahrern schon jahrelang schreien: Den vollen Liter Hubraum.<br \/>\nIn den einschl\u00e4gigen Foren findet man folgende Eckdaten:<\/p>\n<ul>\n<li>In dem Motorrad stecken 5 Jahre Entwicklungszeit, zur Entwicklungsmannschaft geh\u00f6rten Leute von HRC (Honda Racing Company) und Leute, die auch die aktuelle Fireblade entwickelt haben<\/li>\n<li>1000er V5-Motor, entsprechend dem Konzept des fr\u00fcheren 990er MotoGP-Bikes (3 Zylinder vorne und 2 hinten), Motor jedoch f\u00fcr den zivilen Einsatzzweck neu konstruier<\/li>\n<li>Motorleistung vermutlich 150 bis 160 PS mit guter Leistungsentfaltung auch bei niedrigen und mittleren Drehzahlen<\/li>\n<li>Motor mit Zahnrad-getriebenen Nockenwellen<\/li>\n<li>Auspuff unter dem Motorrad, mit kurzen Doppel-Schalld\u00e4mpfern seitlich (\u00e4hnlich CB 1000 R und CBR 1000 RR)<\/li>\n<li>Das Getriebe soll eine bisher unver\u00f6ffentlichte elektronische Steuerung haben und ohne den \u00fcblichen Schalthebel auskommen, wahrscheinlich wird ein von Honda patentiertes Doppelkupplungsgetriebe eingesetzt<\/li>\n<li>Nicht nur der Motor sondern auch das Fahrwerk und die Elektronik stellen, verglichen mit der derzeitigen VFR und CBR 1100 XX, einen deutlichen Fortschritt da<\/li>\n<li>Der Rahmen ist nach einem v\u00f6llig neuen Konzept, dessen Patent-Zeichnungen bereits vor einiger Zeit im Internet kursierten<\/li>\n<li>Die Bremsen werden wohl das k\u00fcrzlich vorgestellte <a href=\"http:\/\/world.honda.com\/news\/2008\/2080609Combined-ABS\/\" target=\"_blank\">Electronic Combined ABS<\/a> besitzen<\/li>\n<li>Das Motorrad soll Ende des Sommers (wahrscheinlich im September) anl\u00e4sslich des 60-j\u00e4hrigen Honda-Firmen-Jubil\u00e4ums vorgestellt werden<\/li>\n<\/ul>\n<p>Hier ein paar Bilder, welche so im WWW zu finden sind.<br \/>\n<a href=\"http:\/\/www.zipf-net.de\/blog\/wp-content\/uploads\/2008\/07\/honda_vfr1000_fk_blue.jpg\" class=\"fancyboxgroup\" rel=\"gallery-122\" title=\"Honda VFR 1000 in blau\"><img decoding=\"async\" src=\"http:\/\/www.zipf-net.de\/blog\/wp-content\/uploads\/2008\/07\/honda_vfr1000_fk_blue.thumbnail.jpg\" alt=\"Honda VFR 1000 in blau\" \/> <\/a><a href=\"http:\/\/www.zipf-net.de\/blog\/wp-content\/uploads\/2008\/07\/honda_vfr1000_fk_red.jpg\" class=\"fancyboxgroup\" rel=\"gallery-122\" title=\"Honda VFR 1000 in rot\"><img decoding=\"async\" src=\"http:\/\/www.zipf-net.de\/blog\/wp-content\/uploads\/2008\/07\/honda_vfr1000_fk_red.thumbnail.jpg\" alt=\"Honda VFR 1000 in rot\" \/> <\/a><a href=\"http:\/\/www.zipf-net.de\/blog\/wp-content\/uploads\/2008\/07\/vfr1000-7.jpg\" class=\"fancyboxgroup\" rel=\"gallery-122\" title=\"Und noch eine Version in blau\"><img decoding=\"async\" src=\"http:\/\/www.zipf-net.de\/blog\/wp-content\/uploads\/2008\/07\/vfr1000-7.thumbnail.jpg\" alt=\"Und noch eine Version in blau\" \/><\/a><\/p>\n","protected":false},"excerpt":{"rendered":"<p>Die Ger\u00fcchte werden immer lauter. Schon 2006 gab es erste Berichte, im Herbst soll es jetzt tats\u00e4chlich soweit sein. Die neue Honda VFR soll kommen. Nach \u00fcber sechs Jahren soll es eine komplett neue Ausgabe der neuen VFR geben. Mit ihr soll angeblich auch die CBR 1100 XX abgel\u00f6st werden, da die VFR endlich das [&hellip;]<\/p>\n","protected":false},"author":1,"featured_media":0,"comment_status":"open","ping_status":"open","sticky":false,"template":"","format":"standard","meta":{"jetpack_post_was_ever_published":false,"_jetpack_newsletter_access":"","_jetpack_dont_email_post_to_subs":false,"_jetpack_newsletter_tier_id":0,"_jetpack_memberships_contains_paywalled_content":false,"footnotes":"","_jetpack_memberships_contains_paid_content":false,"jetpack_publicize_message":"","jetpack_publicize_feature_enabled":true,"jetpack_social_post_already_shared":false,"jetpack_social_options":{"image_generator_settings":{"template":"highway","enabled":false},"version":2}},"categories":[2],"tags":[159,12],"jetpack_publicize_connections":[],"yoast_head":"<!-- This site is optimized with the Yoast SEO plugin v23.5 - https:\/\/yoast.com\/wordpress\/plugins\/seo\/ -->\n<title>Neue Honda VFR? | Zipflog.de<\/title>\n<meta name=\"robots\" content=\"index, follow, max-snippet:-1, max-image-preview:large, max-video-preview:-1\" \/>\n<link rel=\"canonical\" href=\"https:\/\/www.zipf-net.de\/blog\/neue-honda-vfr\/\" \/>\n<meta property=\"og:locale\" content=\"de_DE\" \/>\n<meta property=\"og:type\" content=\"article\" \/>\n<meta property=\"og:title\" content=\"Neue Honda VFR? | Zipflog.de\" \/>\n<meta property=\"og:description\" content=\"Die Ger\u00fcchte werden immer lauter. Schon 2006 gab es erste Berichte, im Herbst soll es jetzt tats\u00e4chlich soweit sein. Die neue Honda VFR soll kommen. Nach \u00fcber sechs Jahren soll es eine komplett neue Ausgabe der neuen VFR geben. Mit ihr soll angeblich auch die CBR 1100 XX abgel\u00f6st werden, da die VFR endlich das [&hellip;]\" \/>\n<meta property=\"og:url\" content=\"https:\/\/www.zipf-net.de\/blog\/neue-honda-vfr\/\" \/>\n<meta property=\"og:site_name\" content=\"Zipflog.de\" \/>\n<meta property=\"article:publisher\" content=\"https:\/\/www.facebook.com\/joergzipf\" \/>\n<meta property=\"article:author\" content=\"https:\/\/www.facebook.com\/joergzipf\" \/>\n<meta property=\"article:published_time\" content=\"2008-07-11T18:37:02+00:00\" \/>\n<meta property=\"og:image\" content=\"http:\/\/www.zipf-net.de\/blog\/wp-content\/uploads\/2008\/07\/honda_vfr1000_fk_blue.thumbnail.jpg\" \/>\n<meta name=\"author\" content=\"J\u00f6rg Zipf\" \/>\n<script type=\"application\/ld+json\" class=\"yoast-schema-graph\">{\"@context\":\"https:\/\/schema.org\",\"@graph\":[{\"@type\":\"Article\",\"@id\":\"https:\/\/www.zipf-net.de\/blog\/neue-honda-vfr\/#article\",\"isPartOf\":{\"@id\":\"https:\/\/www.zipf-net.de\/blog\/neue-honda-vfr\/\"},\"author\":{\"name\":\"J\u00f6rg Zipf\",\"@id\":\"https:\/\/www.zipf-net.de\/blog\/#\/schema\/person\/8659e2042d3d6841e04f59a54f0d0210\"},\"headline\":\"Neue Honda VFR?\",\"datePublished\":\"2008-07-11T18:37:02+00:00\",\"dateModified\":\"2008-07-11T18:37:02+00:00\",\"mainEntityOfPage\":{\"@id\":\"https:\/\/www.zipf-net.de\/blog\/neue-honda-vfr\/\"},\"wordCount\":268,\"commentCount\":1,\"publisher\":{\"@id\":\"https:\/\/www.zipf-net.de\/blog\/#\/schema\/person\/8659e2042d3d6841e04f59a54f0d0210\"},\"image\":{\"@id\":\"https:\/\/www.zipf-net.de\/blog\/neue-honda-vfr\/#primaryimage\"},\"thumbnailUrl\":\"http:\/\/www.zipf-net.de\/blog\/wp-content\/uploads\/2008\/07\/honda_vfr1000_fk_blue.thumbnail.jpg\",\"keywords\":[\"Motorrad\",\"VFR\"],\"articleSection\":[\"Motorrad\"],\"inLanguage\":\"de\",\"potentialAction\":[{\"@type\":\"CommentAction\",\"name\":\"Comment\",\"target\":[\"https:\/\/www.zipf-net.de\/blog\/neue-honda-vfr\/#respond\"]}]},{\"@type\":\"WebPage\",\"@id\":\"https:\/\/www.zipf-net.de\/blog\/neue-honda-vfr\/\",\"url\":\"https:\/\/www.zipf-net.de\/blog\/neue-honda-vfr\/\",\"name\":\"Neue Honda VFR? | Zipflog.de\",\"isPartOf\":{\"@id\":\"https:\/\/www.zipf-net.de\/blog\/#website\"},\"primaryImageOfPage\":{\"@id\":\"https:\/\/www.zipf-net.de\/blog\/neue-honda-vfr\/#primaryimage\"},\"image\":{\"@id\":\"https:\/\/www.zipf-net.de\/blog\/neue-honda-vfr\/#primaryimage\"},\"thumbnailUrl\":\"http:\/\/www.zipf-net.de\/blog\/wp-content\/uploads\/2008\/07\/honda_vfr1000_fk_blue.thumbnail.jpg\",\"datePublished\":\"2008-07-11T18:37:02+00:00\",\"dateModified\":\"2008-07-11T18:37:02+00:00\",\"breadcrumb\":{\"@id\":\"https:\/\/www.zipf-net.de\/blog\/neue-honda-vfr\/#breadcrumb\"},\"inLanguage\":\"de\",\"potentialAction\":[{\"@type\":\"ReadAction\",\"target\":[\"https:\/\/www.zipf-net.de\/blog\/neue-honda-vfr\/\"]}]},{\"@type\":\"ImageObject\",\"inLanguage\":\"de\",\"@id\":\"https:\/\/www.zipf-net.de\/blog\/neue-honda-vfr\/#primaryimage\",\"url\":\"http:\/\/www.zipf-net.de\/blog\/wp-content\/uploads\/2008\/07\/honda_vfr1000_fk_blue.thumbnail.jpg\",\"contentUrl\":\"http:\/\/www.zipf-net.de\/blog\/wp-content\/uploads\/2008\/07\/honda_vfr1000_fk_blue.thumbnail.jpg\"},{\"@type\":\"BreadcrumbList\",\"@id\":\"https:\/\/www.zipf-net.de\/blog\/neue-honda-vfr\/#breadcrumb\",\"itemListElement\":[{\"@type\":\"ListItem\",\"position\":1,\"name\":\"Startseite\",\"item\":\"https:\/\/www.zipf-net.de\/blog\/\"},{\"@type\":\"ListItem\",\"position\":2,\"name\":\"Neue Honda VFR?\"}]},{\"@type\":\"WebSite\",\"@id\":\"https:\/\/www.zipf-net.de\/blog\/#website\",\"url\":\"https:\/\/www.zipf-net.de\/blog\/\",\"name\":\"Zipflog.de\",\"description\":\"Fotografie, Motorrad, Musik und mehr...\",\"publisher\":{\"@id\":\"https:\/\/www.zipf-net.de\/blog\/#\/schema\/person\/8659e2042d3d6841e04f59a54f0d0210\"},\"potentialAction\":[{\"@type\":\"SearchAction\",\"target\":{\"@type\":\"EntryPoint\",\"urlTemplate\":\"https:\/\/www.zipf-net.de\/blog\/?s={search_term_string}\"},\"query-input\":{\"@type\":\"PropertyValueSpecification\",\"valueRequired\":true,\"valueName\":\"search_term_string\"}}],\"inLanguage\":\"de\"},{\"@type\":[\"Person\",\"Organization\"],\"@id\":\"https:\/\/www.zipf-net.de\/blog\/#\/schema\/person\/8659e2042d3d6841e04f59a54f0d0210\",\"name\":\"J\u00f6rg Zipf\",\"image\":{\"@type\":\"ImageObject\",\"inLanguage\":\"de\",\"@id\":\"https:\/\/www.zipf-net.de\/blog\/#\/schema\/person\/image\/\",\"url\":\"https:\/\/secure.gravatar.com\/avatar\/123722e5c65aae60af100c7b03a5352a?s=96&d=mm&r=g\",\"contentUrl\":\"https:\/\/secure.gravatar.com\/avatar\/123722e5c65aae60af100c7b03a5352a?s=96&d=mm&r=g\",\"caption\":\"J\u00f6rg Zipf\"},\"logo\":{\"@id\":\"https:\/\/www.zipf-net.de\/blog\/#\/schema\/person\/image\/\"},\"sameAs\":[\"http:\/\/joerg.zipf-net.de\",\"https:\/\/www.facebook.com\/joergzipf\"],\"url\":\"https:\/\/www.zipf-net.de\/blog\/author\/admin\/\"}]}<\/script>\n<!-- \/ Yoast SEO plugin. -->","yoast_head_json":{"title":"Neue Honda VFR? | Zipflog.de","robots":{"index":"index","follow":"follow","max-snippet":"max-snippet:-1","max-image-preview":"max-image-preview:large","max-video-preview":"max-video-preview:-1"},"canonical":"https:\/\/www.zipf-net.de\/blog\/neue-honda-vfr\/","og_locale":"de_DE","og_type":"article","og_title":"Neue Honda VFR? | Zipflog.de","og_description":"Die Ger\u00fcchte werden immer lauter. Schon 2006 gab es erste Berichte, im Herbst soll es jetzt tats\u00e4chlich soweit sein. Die neue Honda VFR soll kommen. Nach \u00fcber sechs Jahren soll es eine komplett neue Ausgabe der neuen VFR geben. Mit ihr soll angeblich auch die CBR 1100 XX abgel\u00f6st werden, da die VFR endlich das [&hellip;]","og_url":"https:\/\/www.zipf-net.de\/blog\/neue-honda-vfr\/","og_site_name":"Zipflog.de","article_publisher":"https:\/\/www.facebook.com\/joergzipf","article_author":"https:\/\/www.facebook.com\/joergzipf","article_published_time":"2008-07-11T18:37:02+00:00","og_image":[{"url":"http:\/\/www.zipf-net.de\/blog\/wp-content\/uploads\/2008\/07\/honda_vfr1000_fk_blue.thumbnail.jpg"}],"author":"J\u00f6rg Zipf","schema":{"@context":"https:\/\/schema.org","@graph":[{"@type":"Article","@id":"https:\/\/www.zipf-net.de\/blog\/neue-honda-vfr\/#article","isPartOf":{"@id":"https:\/\/www.zipf-net.de\/blog\/neue-honda-vfr\/"},"author":{"name":"J\u00f6rg Zipf","@id":"https:\/\/www.zipf-net.de\/blog\/#\/schema\/person\/8659e2042d3d6841e04f59a54f0d0210"},"headline":"Neue Honda VFR?","datePublished":"2008-07-11T18:37:02+00:00","dateModified":"2008-07-11T18:37:02+00:00","mainEntityOfPage":{"@id":"https:\/\/www.zipf-net.de\/blog\/neue-honda-vfr\/"},"wordCount":268,"commentCount":1,"publisher":{"@id":"https:\/\/www.zipf-net.de\/blog\/#\/schema\/person\/8659e2042d3d6841e04f59a54f0d0210"},"image":{"@id":"https:\/\/www.zipf-net.de\/blog\/neue-honda-vfr\/#primaryimage"},"thumbnailUrl":"http:\/\/www.zipf-net.de\/blog\/wp-content\/uploads\/2008\/07\/honda_vfr1000_fk_blue.thumbnail.jpg","keywords":["Motorrad","VFR"],"articleSection":["Motorrad"],"inLanguage":"de","potentialAction":[{"@type":"CommentAction","name":"Comment","target":["https:\/\/www.zipf-net.de\/blog\/neue-honda-vfr\/#respond"]}]},{"@type":"WebPage","@id":"https:\/\/www.zipf-net.de\/blog\/neue-honda-vfr\/","url":"https:\/\/www.zipf-net.de\/blog\/neue-honda-vfr\/","name":"Neue Honda VFR? | Zipflog.de","isPartOf":{"@id":"https:\/\/www.zipf-net.de\/blog\/#website"},"primaryImageOfPage":{"@id":"https:\/\/www.zipf-net.de\/blog\/neue-honda-vfr\/#primaryimage"},"image":{"@id":"https:\/\/www.zipf-net.de\/blog\/neue-honda-vfr\/#primaryimage"},"thumbnailUrl":"http:\/\/www.zipf-net.de\/blog\/wp-content\/uploads\/2008\/07\/honda_vfr1000_fk_blue.thumbnail.jpg","datePublished":"2008-07-11T18:37:02+00:00","dateModified":"2008-07-11T18:37:02+00:00","breadcrumb":{"@id":"https:\/\/www.zipf-net.de\/blog\/neue-honda-vfr\/#breadcrumb"},"inLanguage":"de","potentialAction":[{"@type":"ReadAction","target":["https:\/\/www.zipf-net.de\/blog\/neue-honda-vfr\/"]}]},{"@type":"ImageObject","inLanguage":"de","@id":"https:\/\/www.zipf-net.de\/blog\/neue-honda-vfr\/#primaryimage","url":"http:\/\/www.zipf-net.de\/blog\/wp-content\/uploads\/2008\/07\/honda_vfr1000_fk_blue.thumbnail.jpg","contentUrl":"http:\/\/www.zipf-net.de\/blog\/wp-content\/uploads\/2008\/07\/honda_vfr1000_fk_blue.thumbnail.jpg"},{"@type":"BreadcrumbList","@id":"https:\/\/www.zipf-net.de\/blog\/neue-honda-vfr\/#breadcrumb","itemListElement":[{"@type":"ListItem","position":1,"name":"Startseite","item":"https:\/\/www.zipf-net.de\/blog\/"},{"@type":"ListItem","position":2,"name":"Neue Honda VFR?"}]},{"@type":"WebSite","@id":"https:\/\/www.zipf-net.de\/blog\/#website","url":"https:\/\/www.zipf-net.de\/blog\/","name":"Zipflog.de","description":"Fotografie, Motorrad, Musik und mehr...","publisher":{"@id":"https:\/\/www.zipf-net.de\/blog\/#\/schema\/person\/8659e2042d3d6841e04f59a54f0d0210"},"potentialAction":[{"@type":"SearchAction","target":{"@type":"EntryPoint","urlTemplate":"https:\/\/www.zipf-net.de\/blog\/?s={search_term_string}"},"query-input":{"@type":"PropertyValueSpecification","valueRequired":true,"valueName":"search_term_string"}}],"inLanguage":"de"},{"@type":["Person","Organization"],"@id":"https:\/\/www.zipf-net.de\/blog\/#\/schema\/person\/8659e2042d3d6841e04f59a54f0d0210","name":"J\u00f6rg Zipf","image":{"@type":"ImageObject","inLanguage":"de","@id":"https:\/\/www.zipf-net.de\/blog\/#\/schema\/person\/image\/","url":"https:\/\/secure.gravatar.com\/avatar\/123722e5c65aae60af100c7b03a5352a?s=96&d=mm&r=g","contentUrl":"https:\/\/secure.gravatar.com\/avatar\/123722e5c65aae60af100c7b03a5352a?s=96&d=mm&r=g","caption":"J\u00f6rg Zipf"},"logo":{"@id":"https:\/\/www.zipf-net.de\/blog\/#\/schema\/person\/image\/"},"sameAs":["http:\/\/joerg.zipf-net.de","https:\/\/www.facebook.com\/joergzipf"],"url":"https:\/\/www.zipf-net.de\/blog\/author\/admin\/"}]}},"jetpack_featured_media_url":"","jetpack_shortlink":"https:\/\/wp.me\/p1euvz-1Y","jetpack_sharing_enabled":true,"jetpack-related-posts":[],"_links":{"self":[{"href":"https:\/\/www.zipf-net.de\/blog\/wp-json\/wp\/v2\/posts\/122"}],"collection":[{"href":"https:\/\/www.zipf-net.de\/blog\/wp-json\/wp\/v2\/posts"}],"about":[{"href":"https:\/\/www.zipf-net.de\/blog\/wp-json\/wp\/v2\/types\/post"}],"author":[{"embeddable":true,"href":"https:\/\/www.zipf-net.de\/blog\/wp-json\/wp\/v2\/users\/1"}],"replies":[{"embeddable":true,"href":"https:\/\/www.zipf-net.de\/blog\/wp-json\/wp\/v2\/comments?post=122"}],"version-history":[{"count":0,"href":"https:\/\/www.zipf-net.de\/blog\/wp-json\/wp\/v2\/posts\/122\/revisions"}],"wp:attachment":[{"href":"https:\/\/www.zipf-net.de\/blog\/wp-json\/wp\/v2\/media?parent=122"}],"wp:term":[{"taxonomy":"category","embeddable":true,"href":"https:\/\/www.zipf-net.de\/blog\/wp-json\/wp\/v2\/categories?post=122"},{"taxonomy":"post_tag","embeddable":true,"href":"https:\/\/www.zipf-net.de\/blog\/wp-json\/wp\/v2\/tags?post=122"}],"curies":[{"name":"wp","href":"https:\/\/api.w.org\/{rel}","templated":true}]}}