{"id":1676,"date":"2013-02-27T00:28:49","date_gmt":"2013-02-26T23:28:49","guid":{"rendered":"http:\/\/www.zipf-net.de\/blog\/?p=1676"},"modified":"2014-01-05T15:48:15","modified_gmt":"2014-01-05T14:48:15","slug":"die-20er-jahre-lassen-grusen","status":"publish","type":"post","link":"https:\/\/www.zipf-net.de\/blog\/die-20er-jahre-lassen-grusen\/","title":{"rendered":"Die 20er Jahre lassen gr\u00fc\u00dfen"},"content":{"rendered":"<p>Bei dem Shooting mit Carina sind noch ganz andere Fotos entstanden. Sie trug vor ein paar Wochen auf einer Karnevalssitzung ein Charleston-Kleid in dem ich sie gesehen hatte. Das Kleid hat mich mit Blick auf das Shooting nicht wieder losgelassen. Ich sagte w\u00e4hrend des Vorgespr\u00e4chs zum Shooting zu ihr &#8222;pack das Kleid und s\u00e4mtliche dazu geh\u00f6renden Accessoires mal ein und bring es bitte mit&#8220;.<br \/>\nAls ich \u00fcberlegte was man daraus machen k\u00f6nnte, dachte ich mir, es w\u00e4re am besten Sie w\u00fcrde auf einem passenden Stuhl sitzen. Also musste ein Stuhl aus den 1920er Jahren her.<\/p>\n<p>Und das ist daraus geworden.<\/p>\n<p><a href=\"http:\/\/www.zipf-net.de\/blog\/wp-content\/uploads\/2013\/02\/Carina_20130217_102.jpg\" class=\"fancyboxgroup\" rel=\"gallery-1676\"><img loading=\"lazy\" decoding=\"async\" data-attachment-id=\"1677\" data-permalink=\"https:\/\/www.zipf-net.de\/blog\/die-20er-jahre-lassen-grusen\/carina_20130217_102\/\" data-orig-file=\"https:\/\/www.zipf-net.de\/blog\/wp-content\/uploads\/2013\/02\/Carina_20130217_102.jpg\" data-orig-size=\"\" data-comments-opened=\"1\" data-image-meta=\"[]\" data-image-title=\"Die 20er\" data-image-description=\"\" data-image-caption=\"\" data-medium-file=\"https:\/\/www.zipf-net.de\/blog\/wp-content\/uploads\/2013\/02\/Carina_20130217_102.jpg\" data-large-file=\"https:\/\/www.zipf-net.de\/blog\/wp-content\/uploads\/2013\/02\/Carina_20130217_102.jpg\" tabindex=\"0\" role=\"button\" class=\"alignnone size-medium wp-image-1677\" alt=\"Die 20er\" src=\"http:\/\/www.zipf-net.de\/blog\/wp-content\/uploads\/2013\/02\/Carina_20130217_102-200x300.jpg\" width=\"200\" height=\"300\" \/><\/a> <a href=\"http:\/\/www.zipf-net.de\/blog\/wp-content\/uploads\/2013\/02\/Carina_20130217_118-bearbeitet.jpg\" class=\"fancyboxgroup\" rel=\"gallery-1676\"><img loading=\"lazy\" decoding=\"async\" data-attachment-id=\"1678\" data-permalink=\"https:\/\/www.zipf-net.de\/blog\/die-20er-jahre-lassen-grusen\/carina_20130217_118-bearbeitet\/\" data-orig-file=\"https:\/\/www.zipf-net.de\/blog\/wp-content\/uploads\/2013\/02\/Carina_20130217_118-bearbeitet.jpg\" data-orig-size=\"\" data-comments-opened=\"1\" data-image-meta=\"[]\" data-image-title=\"Die 20er\" data-image-description=\"\" data-image-caption=\"\" data-medium-file=\"https:\/\/www.zipf-net.de\/blog\/wp-content\/uploads\/2013\/02\/Carina_20130217_118-bearbeitet.jpg\" data-large-file=\"https:\/\/www.zipf-net.de\/blog\/wp-content\/uploads\/2013\/02\/Carina_20130217_118-bearbeitet.jpg\" tabindex=\"0\" role=\"button\" class=\"alignnone size-medium wp-image-1678\" alt=\"Die 20er\" src=\"http:\/\/www.zipf-net.de\/blog\/wp-content\/uploads\/2013\/02\/Carina_20130217_118-bearbeitet-200x300.jpg\" width=\"200\" height=\"300\" \/><\/a><\/p>\n","protected":false},"excerpt":{"rendered":"<p>Bei dem Shooting mit Carina sind noch ganz andere Fotos entstanden. Sie trug vor ein paar Wochen auf einer Karnevalssitzung ein Charleston-Kleid in dem ich sie gesehen hatte. Das Kleid hat mich mit Blick auf das Shooting nicht wieder losgelassen. Ich sagte w\u00e4hrend des Vorgespr\u00e4chs zum Shooting zu ihr &#8222;pack das Kleid und s\u00e4mtliche dazu [&hellip;]<\/p>\n","protected":false},"author":1,"featured_media":0,"comment_status":"open","ping_status":"open","sticky":false,"template":"","format":"standard","meta":{"jetpack_post_was_ever_published":false,"_jetpack_newsletter_access":"","_jetpack_dont_email_post_to_subs":false,"_jetpack_newsletter_tier_id":0,"_jetpack_memberships_contains_paywalled_content":false,"footnotes":"","_jetpack_memberships_contains_paid_content":false,"jetpack_publicize_message":"","jetpack_publicize_feature_enabled":true,"jetpack_social_post_already_shared":false,"jetpack_social_options":{"image_generator_settings":{"template":"highway","enabled":false},"version":2}},"categories":[44,136],"tags":[99,162,80,77],"jetpack_publicize_connections":[],"yoast_head":"<!-- This site is optimized with the Yoast SEO plugin v23.5 - https:\/\/yoast.com\/wordpress\/plugins\/seo\/ -->\n<title>Die 20er Jahre lassen gr\u00fc\u00dfen | Zipflog.de<\/title>\n<meta name=\"robots\" content=\"index, follow, max-snippet:-1, max-image-preview:large, max-video-preview:-1\" \/>\n<link rel=\"canonical\" href=\"https:\/\/www.zipf-net.de\/blog\/die-20er-jahre-lassen-grusen\/\" \/>\n<meta property=\"og:locale\" content=\"de_DE\" \/>\n<meta property=\"og:type\" content=\"article\" \/>\n<meta property=\"og:title\" content=\"Die 20er Jahre lassen gr\u00fc\u00dfen | Zipflog.de\" \/>\n<meta property=\"og:description\" content=\"Bei dem Shooting mit Carina sind noch ganz andere Fotos entstanden. Sie trug vor ein paar Wochen auf einer Karnevalssitzung ein Charleston-Kleid in dem ich sie gesehen hatte. Das Kleid hat mich mit Blick auf das Shooting nicht wieder losgelassen. Ich sagte w\u00e4hrend des Vorgespr\u00e4chs zum Shooting zu ihr &#8222;pack das Kleid und s\u00e4mtliche dazu [&hellip;]\" \/>\n<meta property=\"og:url\" content=\"https:\/\/www.zipf-net.de\/blog\/die-20er-jahre-lassen-grusen\/\" \/>\n<meta property=\"og:site_name\" content=\"Zipflog.de\" \/>\n<meta property=\"article:publisher\" content=\"https:\/\/www.facebook.com\/joergzipf\" \/>\n<meta property=\"article:author\" content=\"https:\/\/www.facebook.com\/joergzipf\" \/>\n<meta property=\"article:published_time\" content=\"2013-02-26T23:28:49+00:00\" \/>\n<meta property=\"article:modified_time\" content=\"2014-01-05T14:48:15+00:00\" \/>\n<meta property=\"og:image\" content=\"http:\/\/www.zipf-net.de\/blog\/wp-content\/uploads\/2013\/02\/Carina_20130217_102-200x300.jpg\" \/>\n<meta name=\"author\" content=\"J\u00f6rg Zipf\" \/>\n<script type=\"application\/ld+json\" class=\"yoast-schema-graph\">{\"@context\":\"https:\/\/schema.org\",\"@graph\":[{\"@type\":\"Article\",\"@id\":\"https:\/\/www.zipf-net.de\/blog\/die-20er-jahre-lassen-grusen\/#article\",\"isPartOf\":{\"@id\":\"https:\/\/www.zipf-net.de\/blog\/die-20er-jahre-lassen-grusen\/\"},\"author\":{\"name\":\"J\u00f6rg Zipf\",\"@id\":\"https:\/\/www.zipf-net.de\/blog\/#\/schema\/person\/8659e2042d3d6841e04f59a54f0d0210\"},\"headline\":\"Die 20er Jahre lassen gr\u00fc\u00dfen\",\"datePublished\":\"2013-02-26T23:28:49+00:00\",\"dateModified\":\"2014-01-05T14:48:15+00:00\",\"mainEntityOfPage\":{\"@id\":\"https:\/\/www.zipf-net.de\/blog\/die-20er-jahre-lassen-grusen\/\"},\"wordCount\":113,\"commentCount\":2,\"publisher\":{\"@id\":\"https:\/\/www.zipf-net.de\/blog\/#\/schema\/person\/8659e2042d3d6841e04f59a54f0d0210\"},\"image\":{\"@id\":\"https:\/\/www.zipf-net.de\/blog\/die-20er-jahre-lassen-grusen\/#primaryimage\"},\"thumbnailUrl\":\"http:\/\/www.zipf-net.de\/blog\/wp-content\/uploads\/2013\/02\/Carina_20130217_102-200x300.jpg\",\"keywords\":[\"60mm\",\"Foto\",\"Shooting\",\"Studio\"],\"articleSection\":[\"Foto\",\"Shootings\"],\"inLanguage\":\"de\",\"potentialAction\":[{\"@type\":\"CommentAction\",\"name\":\"Comment\",\"target\":[\"https:\/\/www.zipf-net.de\/blog\/die-20er-jahre-lassen-grusen\/#respond\"]}]},{\"@type\":\"WebPage\",\"@id\":\"https:\/\/www.zipf-net.de\/blog\/die-20er-jahre-lassen-grusen\/\",\"url\":\"https:\/\/www.zipf-net.de\/blog\/die-20er-jahre-lassen-grusen\/\",\"name\":\"Die 20er Jahre lassen gr\u00fc\u00dfen | Zipflog.de\",\"isPartOf\":{\"@id\":\"https:\/\/www.zipf-net.de\/blog\/#website\"},\"primaryImageOfPage\":{\"@id\":\"https:\/\/www.zipf-net.de\/blog\/die-20er-jahre-lassen-grusen\/#primaryimage\"},\"image\":{\"@id\":\"https:\/\/www.zipf-net.de\/blog\/die-20er-jahre-lassen-grusen\/#primaryimage\"},\"thumbnailUrl\":\"http:\/\/www.zipf-net.de\/blog\/wp-content\/uploads\/2013\/02\/Carina_20130217_102-200x300.jpg\",\"datePublished\":\"2013-02-26T23:28:49+00:00\",\"dateModified\":\"2014-01-05T14:48:15+00:00\",\"breadcrumb\":{\"@id\":\"https:\/\/www.zipf-net.de\/blog\/die-20er-jahre-lassen-grusen\/#breadcrumb\"},\"inLanguage\":\"de\",\"potentialAction\":[{\"@type\":\"ReadAction\",\"target\":[\"https:\/\/www.zipf-net.de\/blog\/die-20er-jahre-lassen-grusen\/\"]}]},{\"@type\":\"ImageObject\",\"inLanguage\":\"de\",\"@id\":\"https:\/\/www.zipf-net.de\/blog\/die-20er-jahre-lassen-grusen\/#primaryimage\",\"url\":\"https:\/\/www.zipf-net.de\/blog\/wp-content\/uploads\/2013\/02\/Carina_20130217_102.jpg\",\"contentUrl\":\"https:\/\/www.zipf-net.de\/blog\/wp-content\/uploads\/2013\/02\/Carina_20130217_102.jpg\"},{\"@type\":\"BreadcrumbList\",\"@id\":\"https:\/\/www.zipf-net.de\/blog\/die-20er-jahre-lassen-grusen\/#breadcrumb\",\"itemListElement\":[{\"@type\":\"ListItem\",\"position\":1,\"name\":\"Startseite\",\"item\":\"https:\/\/www.zipf-net.de\/blog\/\"},{\"@type\":\"ListItem\",\"position\":2,\"name\":\"Die 20er Jahre lassen gr\u00c3\u00bc\u00c3\u0178en\"}]},{\"@type\":\"WebSite\",\"@id\":\"https:\/\/www.zipf-net.de\/blog\/#website\",\"url\":\"https:\/\/www.zipf-net.de\/blog\/\",\"name\":\"Zipflog.de\",\"description\":\"Fotografie, Motorrad, Musik und mehr...\",\"publisher\":{\"@id\":\"https:\/\/www.zipf-net.de\/blog\/#\/schema\/person\/8659e2042d3d6841e04f59a54f0d0210\"},\"potentialAction\":[{\"@type\":\"SearchAction\",\"target\":{\"@type\":\"EntryPoint\",\"urlTemplate\":\"https:\/\/www.zipf-net.de\/blog\/?s={search_term_string}\"},\"query-input\":{\"@type\":\"PropertyValueSpecification\",\"valueRequired\":true,\"valueName\":\"search_term_string\"}}],\"inLanguage\":\"de\"},{\"@type\":[\"Person\",\"Organization\"],\"@id\":\"https:\/\/www.zipf-net.de\/blog\/#\/schema\/person\/8659e2042d3d6841e04f59a54f0d0210\",\"name\":\"J\u00f6rg Zipf\",\"image\":{\"@type\":\"ImageObject\",\"inLanguage\":\"de\",\"@id\":\"https:\/\/www.zipf-net.de\/blog\/#\/schema\/person\/image\/\",\"url\":\"https:\/\/secure.gravatar.com\/avatar\/123722e5c65aae60af100c7b03a5352a?s=96&d=mm&r=g\",\"contentUrl\":\"https:\/\/secure.gravatar.com\/avatar\/123722e5c65aae60af100c7b03a5352a?s=96&d=mm&r=g\",\"caption\":\"J\u00f6rg Zipf\"},\"logo\":{\"@id\":\"https:\/\/www.zipf-net.de\/blog\/#\/schema\/person\/image\/\"},\"sameAs\":[\"http:\/\/joerg.zipf-net.de\",\"https:\/\/www.facebook.com\/joergzipf\"],\"url\":\"https:\/\/www.zipf-net.de\/blog\/author\/admin\/\"}]}<\/script>\n<!-- \/ Yoast SEO plugin. -->","yoast_head_json":{"title":"Die 20er Jahre lassen gr\u00fc\u00dfen | Zipflog.de","robots":{"index":"index","follow":"follow","max-snippet":"max-snippet:-1","max-image-preview":"max-image-preview:large","max-video-preview":"max-video-preview:-1"},"canonical":"https:\/\/www.zipf-net.de\/blog\/die-20er-jahre-lassen-grusen\/","og_locale":"de_DE","og_type":"article","og_title":"Die 20er Jahre lassen gr\u00fc\u00dfen | Zipflog.de","og_description":"Bei dem Shooting mit Carina sind noch ganz andere Fotos entstanden. Sie trug vor ein paar Wochen auf einer Karnevalssitzung ein Charleston-Kleid in dem ich sie gesehen hatte. Das Kleid hat mich mit Blick auf das Shooting nicht wieder losgelassen. Ich sagte w\u00e4hrend des Vorgespr\u00e4chs zum Shooting zu ihr &#8222;pack das Kleid und s\u00e4mtliche dazu [&hellip;]","og_url":"https:\/\/www.zipf-net.de\/blog\/die-20er-jahre-lassen-grusen\/","og_site_name":"Zipflog.de","article_publisher":"https:\/\/www.facebook.com\/joergzipf","article_author":"https:\/\/www.facebook.com\/joergzipf","article_published_time":"2013-02-26T23:28:49+00:00","article_modified_time":"2014-01-05T14:48:15+00:00","og_image":[{"url":"http:\/\/www.zipf-net.de\/blog\/wp-content\/uploads\/2013\/02\/Carina_20130217_102-200x300.jpg"}],"author":"J\u00f6rg Zipf","schema":{"@context":"https:\/\/schema.org","@graph":[{"@type":"Article","@id":"https:\/\/www.zipf-net.de\/blog\/die-20er-jahre-lassen-grusen\/#article","isPartOf":{"@id":"https:\/\/www.zipf-net.de\/blog\/die-20er-jahre-lassen-grusen\/"},"author":{"name":"J\u00f6rg Zipf","@id":"https:\/\/www.zipf-net.de\/blog\/#\/schema\/person\/8659e2042d3d6841e04f59a54f0d0210"},"headline":"Die 20er Jahre lassen gr\u00fc\u00dfen","datePublished":"2013-02-26T23:28:49+00:00","dateModified":"2014-01-05T14:48:15+00:00","mainEntityOfPage":{"@id":"https:\/\/www.zipf-net.de\/blog\/die-20er-jahre-lassen-grusen\/"},"wordCount":113,"commentCount":2,"publisher":{"@id":"https:\/\/www.zipf-net.de\/blog\/#\/schema\/person\/8659e2042d3d6841e04f59a54f0d0210"},"image":{"@id":"https:\/\/www.zipf-net.de\/blog\/die-20er-jahre-lassen-grusen\/#primaryimage"},"thumbnailUrl":"http:\/\/www.zipf-net.de\/blog\/wp-content\/uploads\/2013\/02\/Carina_20130217_102-200x300.jpg","keywords":["60mm","Foto","Shooting","Studio"],"articleSection":["Foto","Shootings"],"inLanguage":"de","potentialAction":[{"@type":"CommentAction","name":"Comment","target":["https:\/\/www.zipf-net.de\/blog\/die-20er-jahre-lassen-grusen\/#respond"]}]},{"@type":"WebPage","@id":"https:\/\/www.zipf-net.de\/blog\/die-20er-jahre-lassen-grusen\/","url":"https:\/\/www.zipf-net.de\/blog\/die-20er-jahre-lassen-grusen\/","name":"Die 20er Jahre lassen gr\u00fc\u00dfen | Zipflog.de","isPartOf":{"@id":"https:\/\/www.zipf-net.de\/blog\/#website"},"primaryImageOfPage":{"@id":"https:\/\/www.zipf-net.de\/blog\/die-20er-jahre-lassen-grusen\/#primaryimage"},"image":{"@id":"https:\/\/www.zipf-net.de\/blog\/die-20er-jahre-lassen-grusen\/#primaryimage"},"thumbnailUrl":"http:\/\/www.zipf-net.de\/blog\/wp-content\/uploads\/2013\/02\/Carina_20130217_102-200x300.jpg","datePublished":"2013-02-26T23:28:49+00:00","dateModified":"2014-01-05T14:48:15+00:00","breadcrumb":{"@id":"https:\/\/www.zipf-net.de\/blog\/die-20er-jahre-lassen-grusen\/#breadcrumb"},"inLanguage":"de","potentialAction":[{"@type":"ReadAction","target":["https:\/\/www.zipf-net.de\/blog\/die-20er-jahre-lassen-grusen\/"]}]},{"@type":"ImageObject","inLanguage":"de","@id":"https:\/\/www.zipf-net.de\/blog\/die-20er-jahre-lassen-grusen\/#primaryimage","url":"https:\/\/www.zipf-net.de\/blog\/wp-content\/uploads\/2013\/02\/Carina_20130217_102.jpg","contentUrl":"https:\/\/www.zipf-net.de\/blog\/wp-content\/uploads\/2013\/02\/Carina_20130217_102.jpg"},{"@type":"BreadcrumbList","@id":"https:\/\/www.zipf-net.de\/blog\/die-20er-jahre-lassen-grusen\/#breadcrumb","itemListElement":[{"@type":"ListItem","position":1,"name":"Startseite","item":"https:\/\/www.zipf-net.de\/blog\/"},{"@type":"ListItem","position":2,"name":"Die 20er Jahre lassen gr\u00c3\u00bc\u00c3\u0178en"}]},{"@type":"WebSite","@id":"https:\/\/www.zipf-net.de\/blog\/#website","url":"https:\/\/www.zipf-net.de\/blog\/","name":"Zipflog.de","description":"Fotografie, Motorrad, Musik und mehr...","publisher":{"@id":"https:\/\/www.zipf-net.de\/blog\/#\/schema\/person\/8659e2042d3d6841e04f59a54f0d0210"},"potentialAction":[{"@type":"SearchAction","target":{"@type":"EntryPoint","urlTemplate":"https:\/\/www.zipf-net.de\/blog\/?s={search_term_string}"},"query-input":{"@type":"PropertyValueSpecification","valueRequired":true,"valueName":"search_term_string"}}],"inLanguage":"de"},{"@type":["Person","Organization"],"@id":"https:\/\/www.zipf-net.de\/blog\/#\/schema\/person\/8659e2042d3d6841e04f59a54f0d0210","name":"J\u00f6rg Zipf","image":{"@type":"ImageObject","inLanguage":"de","@id":"https:\/\/www.zipf-net.de\/blog\/#\/schema\/person\/image\/","url":"https:\/\/secure.gravatar.com\/avatar\/123722e5c65aae60af100c7b03a5352a?s=96&d=mm&r=g","contentUrl":"https:\/\/secure.gravatar.com\/avatar\/123722e5c65aae60af100c7b03a5352a?s=96&d=mm&r=g","caption":"J\u00f6rg Zipf"},"logo":{"@id":"https:\/\/www.zipf-net.de\/blog\/#\/schema\/person\/image\/"},"sameAs":["http:\/\/joerg.zipf-net.de","https:\/\/www.facebook.com\/joergzipf"],"url":"https:\/\/www.zipf-net.de\/blog\/author\/admin\/"}]}},"jetpack_featured_media_url":"","jetpack_shortlink":"https:\/\/wp.me\/p1euvz-r2","jetpack_sharing_enabled":true,"jetpack-related-posts":[],"_links":{"self":[{"href":"https:\/\/www.zipf-net.de\/blog\/wp-json\/wp\/v2\/posts\/1676"}],"collection":[{"href":"https:\/\/www.zipf-net.de\/blog\/wp-json\/wp\/v2\/posts"}],"about":[{"href":"https:\/\/www.zipf-net.de\/blog\/wp-json\/wp\/v2\/types\/post"}],"author":[{"embeddable":true,"href":"https:\/\/www.zipf-net.de\/blog\/wp-json\/wp\/v2\/users\/1"}],"replies":[{"embeddable":true,"href":"https:\/\/www.zipf-net.de\/blog\/wp-json\/wp\/v2\/comments?post=1676"}],"version-history":[{"count":6,"href":"https:\/\/www.zipf-net.de\/blog\/wp-json\/wp\/v2\/posts\/1676\/revisions"}],"predecessor-version":[{"id":1682,"href":"https:\/\/www.zipf-net.de\/blog\/wp-json\/wp\/v2\/posts\/1676\/revisions\/1682"}],"wp:attachment":[{"href":"https:\/\/www.zipf-net.de\/blog\/wp-json\/wp\/v2\/media?parent=1676"}],"wp:term":[{"taxonomy":"category","embeddable":true,"href":"https:\/\/www.zipf-net.de\/blog\/wp-json\/wp\/v2\/categories?post=1676"},{"taxonomy":"post_tag","embeddable":true,"href":"https:\/\/www.zipf-net.de\/blog\/wp-json\/wp\/v2\/tags?post=1676"}],"curies":[{"name":"wp","href":"https:\/\/api.w.org\/{rel}","templated":true}]}}