{"id":2560,"date":"2013-11-10T23:47:35","date_gmt":"2013-11-10T22:47:35","guid":{"rendered":"http:\/\/www.zipf-net.de\/blog\/?p=2560"},"modified":"2013-11-27T23:38:45","modified_gmt":"2013-11-27T22:38:45","slug":"neue-honda-vfr-800-f-modelljahr-2014","status":"publish","type":"post","link":"https:\/\/www.zipf-net.de\/blog\/neue-honda-vfr-800-f-modelljahr-2014\/","title":{"rendered":"Neue Honda VFR 800 F &#8211; Modelljahr 2014"},"content":{"rendered":"<p>Tod geglaubte leben l\u00e4nger.<\/p>\n<p>Ein Jahr lang war sie von der Bildfl\u00e4che verschwunden, jetzt kommt sie in neuem Gewand und technischen Verbesserungen &#8211; die Honda VFR 800 F ist wieder da!<\/p>\n<p>Unten drunter ist sie (fast) die Alte geblieben (das VTEC wurde wohl angepasst), aber oben dr\u00fcber und drum herum hat sich einiges ver\u00e4ndert.<\/p>\n<ul>\n<li>Neue Gabel<\/li>\n<li>Neue Einarmschwinge<\/li>\n<li>LED-Scheinwerfer<\/li>\n<li>LED-R\u00fccklicht<\/li>\n<li>4-in-1 Auspuffanlage<\/li>\n<li>Neues ABS mit radialen Vierkolben-Bremszangen vorne<\/li>\n<li>Traktionskontrolle<\/li>\n<li>integrierte Kofferhalter<\/li>\n<li>Schaltautomat (optional)<\/li>\n<\/ul>\n<p>Um nur einige Neuerungen zu nennen. Das ganze tut ihr gut, sie sieht richtig frisch aus und hat damit insgesamt ganze 10kg abgespeckt. Aber aus der Mode gekommen sah die alte RC46II f\u00fcr mich eigentlich noch nie aus. Leider gibt es die Neue zum Anfang wohl wieder nur in rot, schade.<br \/>\nAuf der EICMA wurde sie gerade vorgestellt und inzwischen ist sie auch auf der <a title=\"Honda VFR 800 F\" href=\"http:\/\/www.honda.de\/motorraeder\/modelle_vfr800f.php\" target=\"_blank\">Honda-Seite<\/a> zu finden. <del>Der Preis ist dort leider noch nicht zu finden. Man muss\/kann also gespannt sein.<\/del> Inzwischen steht auch der Preis fest und der ist hei\u00df. Rund 12.000,- Euro kostet sie.<\/p>\n<p>F\u00fcr mich steht auf jeden Fall fest, dass ich im Fr\u00fchjahr meinen Hondah\u00e4ndler zur Probefahrt aufsuchen werde. Wer wei\u00df, vielleicht kehre ich zu meiner alten Liebe zur\u00fcck und trenne mich von meiner dicken <a title=\"Die Neue\" href=\"http:\/\/www.zipf-net.de\/blog\/die-neue\/\">VFR 1200<\/a> \ud83d\ude09<\/p>\n<p>So, ich hoffe, dass alle die, die in in den letzten Monaten auf Google nach diesen Informationen gesucht und auf meinem Blog gelandet sind, jetzt auch in diesem Beitrag das finden konnten, was sie gesucht haben \ud83d\ude09<\/p>\n<p>Video und Fotos: Honda<\/p>\n<p><iframe loading=\"lazy\" src=\"http:\/\/www.youtube.com\/embed\/qPzP_CUSBVE?wmode=transparent\" height=\"360\" width=\"640\" allowfullscreen=\"\" frameborder=\"0\"><\/iframe><\/p>\n<p><a href=\"http:\/\/www.zipf-net.de\/blog\/wp-content\/uploads\/2013\/11\/mc_vfr800f_005_2014_dwn.jpg\" class=\"fancyboxgroup\" rel=\"gallery-2560\"><img loading=\"lazy\" decoding=\"async\" data-attachment-id=\"2567\" data-permalink=\"https:\/\/www.zipf-net.de\/blog\/neue-honda-vfr-800-f-modelljahr-2014\/mc_vfr800f_005_2014_dwn\/\" data-orig-file=\"https:\/\/www.zipf-net.de\/blog\/wp-content\/uploads\/2013\/11\/mc_vfr800f_005_2014_dwn.jpg\" data-orig-size=\"1200,710\" data-comments-opened=\"1\" data-image-meta=\"{&quot;aperture&quot;:&quot;0&quot;,&quot;credit&quot;:&quot;&quot;,&quot;camera&quot;:&quot;&quot;,&quot;caption&quot;:&quot;&quot;,&quot;created_timestamp&quot;:&quot;0&quot;,&quot;copyright&quot;:&quot;&quot;,&quot;focal_length&quot;:&quot;0&quot;,&quot;iso&quot;:&quot;0&quot;,&quot;shutter_speed&quot;:&quot;0&quot;,&quot;title&quot;:&quot;&quot;}\" data-image-title=\"mc_vfr800f_005_2014_dwn\" data-image-description=\"\" data-image-caption=\"\" data-medium-file=\"https:\/\/www.zipf-net.de\/blog\/wp-content\/uploads\/2013\/11\/mc_vfr800f_005_2014_dwn-300x177.jpg\" data-large-file=\"https:\/\/www.zipf-net.de\/blog\/wp-content\/uploads\/2013\/11\/mc_vfr800f_005_2014_dwn-600x355.jpg\" tabindex=\"0\" role=\"button\" class=\"alignnone size-medium wp-image-2567\" alt=\"mc_vfr800f_005_2014_dwn\" src=\"http:\/\/www.zipf-net.de\/blog\/wp-content\/uploads\/2013\/11\/mc_vfr800f_005_2014_dwn-300x177.jpg\" width=\"300\" height=\"177\" srcset=\"https:\/\/www.zipf-net.de\/blog\/wp-content\/uploads\/2013\/11\/mc_vfr800f_005_2014_dwn-300x177.jpg 300w, https:\/\/www.zipf-net.de\/blog\/wp-content\/uploads\/2013\/11\/mc_vfr800f_005_2014_dwn-600x355.jpg 600w, https:\/\/www.zipf-net.de\/blog\/wp-content\/uploads\/2013\/11\/mc_vfr800f_005_2014_dwn.jpg 1200w\" sizes=\"(max-width: 300px) 100vw, 300px\" \/><\/a><a href=\"http:\/\/www.zipf-net.de\/blog\/wp-content\/uploads\/2013\/11\/mc_vfr800f_001_2014_dwn.jpg\" class=\"fancyboxgroup\" rel=\"gallery-2560\"><img loading=\"lazy\" decoding=\"async\" data-attachment-id=\"2563\" data-permalink=\"https:\/\/www.zipf-net.de\/blog\/neue-honda-vfr-800-f-modelljahr-2014\/mc_vfr800f_001_2014_dwn\/\" data-orig-file=\"https:\/\/www.zipf-net.de\/blog\/wp-content\/uploads\/2013\/11\/mc_vfr800f_001_2014_dwn.jpg\" data-orig-size=\"1200,708\" data-comments-opened=\"1\" data-image-meta=\"{&quot;aperture&quot;:&quot;0&quot;,&quot;credit&quot;:&quot;&quot;,&quot;camera&quot;:&quot;&quot;,&quot;caption&quot;:&quot;&quot;,&quot;created_timestamp&quot;:&quot;0&quot;,&quot;copyright&quot;:&quot;&quot;,&quot;focal_length&quot;:&quot;0&quot;,&quot;iso&quot;:&quot;0&quot;,&quot;shutter_speed&quot;:&quot;0&quot;,&quot;title&quot;:&quot;&quot;}\" data-image-title=\"mc_vfr800f_001_2014_dwn\" data-image-description=\"\" data-image-caption=\"\" data-medium-file=\"https:\/\/www.zipf-net.de\/blog\/wp-content\/uploads\/2013\/11\/mc_vfr800f_001_2014_dwn-300x177.jpg\" data-large-file=\"https:\/\/www.zipf-net.de\/blog\/wp-content\/uploads\/2013\/11\/mc_vfr800f_001_2014_dwn-600x354.jpg\" tabindex=\"0\" role=\"button\" class=\"alignnone size-medium wp-image-2563\" alt=\"mc_vfr800f_001_2014_dwn\" src=\"http:\/\/www.zipf-net.de\/blog\/wp-content\/uploads\/2013\/11\/mc_vfr800f_001_2014_dwn-300x177.jpg\" width=\"300\" height=\"177\" srcset=\"https:\/\/www.zipf-net.de\/blog\/wp-content\/uploads\/2013\/11\/mc_vfr800f_001_2014_dwn-300x177.jpg 300w, https:\/\/www.zipf-net.de\/blog\/wp-content\/uploads\/2013\/11\/mc_vfr800f_001_2014_dwn-600x354.jpg 600w, https:\/\/www.zipf-net.de\/blog\/wp-content\/uploads\/2013\/11\/mc_vfr800f_001_2014_dwn.jpg 1200w\" sizes=\"(max-width: 300px) 100vw, 300px\" \/><\/a><a href=\"http:\/\/www.zipf-net.de\/blog\/wp-content\/uploads\/2013\/11\/mc_vfr800f_006_2014_dwn.jpg\" class=\"fancyboxgroup\" rel=\"gallery-2560\"><img loading=\"lazy\" decoding=\"async\" data-attachment-id=\"2568\" data-permalink=\"https:\/\/www.zipf-net.de\/blog\/neue-honda-vfr-800-f-modelljahr-2014\/mc_vfr800f_006_2014_dwn\/\" data-orig-file=\"https:\/\/www.zipf-net.de\/blog\/wp-content\/uploads\/2013\/11\/mc_vfr800f_006_2014_dwn.jpg\" data-orig-size=\"1200,710\" data-comments-opened=\"1\" data-image-meta=\"{&quot;aperture&quot;:&quot;0&quot;,&quot;credit&quot;:&quot;&quot;,&quot;camera&quot;:&quot;&quot;,&quot;caption&quot;:&quot;&quot;,&quot;created_timestamp&quot;:&quot;0&quot;,&quot;copyright&quot;:&quot;&quot;,&quot;focal_length&quot;:&quot;0&quot;,&quot;iso&quot;:&quot;0&quot;,&quot;shutter_speed&quot;:&quot;0&quot;,&quot;title&quot;:&quot;&quot;}\" data-image-title=\"mc_vfr800f_006_2014_dwn\" data-image-description=\"\" data-image-caption=\"\" data-medium-file=\"https:\/\/www.zipf-net.de\/blog\/wp-content\/uploads\/2013\/11\/mc_vfr800f_006_2014_dwn-300x177.jpg\" data-large-file=\"https:\/\/www.zipf-net.de\/blog\/wp-content\/uploads\/2013\/11\/mc_vfr800f_006_2014_dwn-600x355.jpg\" tabindex=\"0\" role=\"button\" class=\"alignnone size-medium wp-image-2568\" alt=\"mc_vfr800f_006_2014_dwn\" src=\"http:\/\/www.zipf-net.de\/blog\/wp-content\/uploads\/2013\/11\/mc_vfr800f_006_2014_dwn-300x177.jpg\" width=\"300\" height=\"177\" srcset=\"https:\/\/www.zipf-net.de\/blog\/wp-content\/uploads\/2013\/11\/mc_vfr800f_006_2014_dwn-300x177.jpg 300w, https:\/\/www.zipf-net.de\/blog\/wp-content\/uploads\/2013\/11\/mc_vfr800f_006_2014_dwn-600x355.jpg 600w, https:\/\/www.zipf-net.de\/blog\/wp-content\/uploads\/2013\/11\/mc_vfr800f_006_2014_dwn.jpg 1200w\" sizes=\"(max-width: 300px) 100vw, 300px\" \/><\/a><a href=\"http:\/\/www.zipf-net.de\/blog\/wp-content\/uploads\/2013\/11\/mc_vfr800f_004_2014_dwn.jpg\" class=\"fancyboxgroup\" rel=\"gallery-2560\"><img loading=\"lazy\" decoding=\"async\" data-attachment-id=\"2566\" data-permalink=\"https:\/\/www.zipf-net.de\/blog\/neue-honda-vfr-800-f-modelljahr-2014\/mc_vfr800f_004_2014_dwn\/\" data-orig-file=\"https:\/\/www.zipf-net.de\/blog\/wp-content\/uploads\/2013\/11\/mc_vfr800f_004_2014_dwn.jpg\" data-orig-size=\"1200,735\" data-comments-opened=\"1\" data-image-meta=\"{&quot;aperture&quot;:&quot;0&quot;,&quot;credit&quot;:&quot;&quot;,&quot;camera&quot;:&quot;&quot;,&quot;caption&quot;:&quot;&quot;,&quot;created_timestamp&quot;:&quot;0&quot;,&quot;copyright&quot;:&quot;&quot;,&quot;focal_length&quot;:&quot;0&quot;,&quot;iso&quot;:&quot;0&quot;,&quot;shutter_speed&quot;:&quot;0&quot;,&quot;title&quot;:&quot;&quot;}\" data-image-title=\"mc_vfr800f_004_2014_dwn\" data-image-description=\"\" data-image-caption=\"\" data-medium-file=\"https:\/\/www.zipf-net.de\/blog\/wp-content\/uploads\/2013\/11\/mc_vfr800f_004_2014_dwn-300x183.jpg\" data-large-file=\"https:\/\/www.zipf-net.de\/blog\/wp-content\/uploads\/2013\/11\/mc_vfr800f_004_2014_dwn-600x367.jpg\" tabindex=\"0\" role=\"button\" class=\"alignnone size-medium wp-image-2566\" alt=\"mc_vfr800f_004_2014_dwn\" src=\"http:\/\/www.zipf-net.de\/blog\/wp-content\/uploads\/2013\/11\/mc_vfr800f_004_2014_dwn-300x183.jpg\" width=\"300\" height=\"183\" srcset=\"https:\/\/www.zipf-net.de\/blog\/wp-content\/uploads\/2013\/11\/mc_vfr800f_004_2014_dwn-300x183.jpg 300w, https:\/\/www.zipf-net.de\/blog\/wp-content\/uploads\/2013\/11\/mc_vfr800f_004_2014_dwn-600x367.jpg 600w, https:\/\/www.zipf-net.de\/blog\/wp-content\/uploads\/2013\/11\/mc_vfr800f_004_2014_dwn.jpg 1200w\" sizes=\"(max-width: 300px) 100vw, 300px\" \/><\/a><a href=\"http:\/\/www.zipf-net.de\/blog\/wp-content\/uploads\/2013\/11\/mc_vfr800f_008_2014_dwn.jpg\" class=\"fancyboxgroup\" rel=\"gallery-2560\"><img loading=\"lazy\" decoding=\"async\" data-attachment-id=\"2570\" data-permalink=\"https:\/\/www.zipf-net.de\/blog\/neue-honda-vfr-800-f-modelljahr-2014\/mc_vfr800f_008_2014_dwn\/\" data-orig-file=\"https:\/\/www.zipf-net.de\/blog\/wp-content\/uploads\/2013\/11\/mc_vfr800f_008_2014_dwn.jpg\" data-orig-size=\"1200,899\" data-comments-opened=\"1\" data-image-meta=\"{&quot;aperture&quot;:&quot;0&quot;,&quot;credit&quot;:&quot;&quot;,&quot;camera&quot;:&quot;&quot;,&quot;caption&quot;:&quot;&quot;,&quot;created_timestamp&quot;:&quot;0&quot;,&quot;copyright&quot;:&quot;&quot;,&quot;focal_length&quot;:&quot;0&quot;,&quot;iso&quot;:&quot;0&quot;,&quot;shutter_speed&quot;:&quot;0&quot;,&quot;title&quot;:&quot;&quot;}\" data-image-title=\"mc_vfr800f_008_2014_dwn\" data-image-description=\"\" data-image-caption=\"\" data-medium-file=\"https:\/\/www.zipf-net.de\/blog\/wp-content\/uploads\/2013\/11\/mc_vfr800f_008_2014_dwn-300x224.jpg\" data-large-file=\"https:\/\/www.zipf-net.de\/blog\/wp-content\/uploads\/2013\/11\/mc_vfr800f_008_2014_dwn-600x449.jpg\" tabindex=\"0\" role=\"button\" class=\"alignnone size-medium wp-image-2570\" alt=\"mc_vfr800f_008_2014_dwn\" src=\"http:\/\/www.zipf-net.de\/blog\/wp-content\/uploads\/2013\/11\/mc_vfr800f_008_2014_dwn-300x224.jpg\" width=\"300\" height=\"224\" srcset=\"https:\/\/www.zipf-net.de\/blog\/wp-content\/uploads\/2013\/11\/mc_vfr800f_008_2014_dwn-300x224.jpg 300w, https:\/\/www.zipf-net.de\/blog\/wp-content\/uploads\/2013\/11\/mc_vfr800f_008_2014_dwn-600x449.jpg 600w, https:\/\/www.zipf-net.de\/blog\/wp-content\/uploads\/2013\/11\/mc_vfr800f_008_2014_dwn.jpg 1200w\" sizes=\"(max-width: 300px) 100vw, 300px\" \/><\/a><a href=\"http:\/\/www.zipf-net.de\/blog\/wp-content\/uploads\/2013\/11\/mc_vfr800f_007_2014_dwn.jpg\" class=\"fancyboxgroup\" rel=\"gallery-2560\"><img loading=\"lazy\" decoding=\"async\" data-attachment-id=\"2569\" data-permalink=\"https:\/\/www.zipf-net.de\/blog\/neue-honda-vfr-800-f-modelljahr-2014\/mc_vfr800f_007_2014_dwn\/\" data-orig-file=\"https:\/\/www.zipf-net.de\/blog\/wp-content\/uploads\/2013\/11\/mc_vfr800f_007_2014_dwn.jpg\" data-orig-size=\"1200,899\" data-comments-opened=\"1\" data-image-meta=\"{&quot;aperture&quot;:&quot;0&quot;,&quot;credit&quot;:&quot;&quot;,&quot;camera&quot;:&quot;&quot;,&quot;caption&quot;:&quot;&quot;,&quot;created_timestamp&quot;:&quot;0&quot;,&quot;copyright&quot;:&quot;&quot;,&quot;focal_length&quot;:&quot;0&quot;,&quot;iso&quot;:&quot;0&quot;,&quot;shutter_speed&quot;:&quot;0&quot;,&quot;title&quot;:&quot;&quot;}\" data-image-title=\"mc_vfr800f_007_2014_dwn\" data-image-description=\"\" data-image-caption=\"\" data-medium-file=\"https:\/\/www.zipf-net.de\/blog\/wp-content\/uploads\/2013\/11\/mc_vfr800f_007_2014_dwn-300x224.jpg\" data-large-file=\"https:\/\/www.zipf-net.de\/blog\/wp-content\/uploads\/2013\/11\/mc_vfr800f_007_2014_dwn-600x449.jpg\" tabindex=\"0\" role=\"button\" class=\"alignnone size-medium wp-image-2569\" alt=\"mc_vfr800f_007_2014_dwn\" src=\"http:\/\/www.zipf-net.de\/blog\/wp-content\/uploads\/2013\/11\/mc_vfr800f_007_2014_dwn-300x224.jpg\" width=\"300\" height=\"224\" srcset=\"https:\/\/www.zipf-net.de\/blog\/wp-content\/uploads\/2013\/11\/mc_vfr800f_007_2014_dwn-300x224.jpg 300w, https:\/\/www.zipf-net.de\/blog\/wp-content\/uploads\/2013\/11\/mc_vfr800f_007_2014_dwn-600x449.jpg 600w, https:\/\/www.zipf-net.de\/blog\/wp-content\/uploads\/2013\/11\/mc_vfr800f_007_2014_dwn.jpg 1200w\" sizes=\"(max-width: 300px) 100vw, 300px\" \/><\/a><a href=\"http:\/\/www.zipf-net.de\/blog\/wp-content\/uploads\/2013\/11\/mc_vfr800f_002_2014_dwn.jpg\" class=\"fancyboxgroup\" rel=\"gallery-2560\"><img loading=\"lazy\" decoding=\"async\" data-attachment-id=\"2564\" data-permalink=\"https:\/\/www.zipf-net.de\/blog\/neue-honda-vfr-800-f-modelljahr-2014\/mc_vfr800f_002_2014_dwn\/\" data-orig-file=\"https:\/\/www.zipf-net.de\/blog\/wp-content\/uploads\/2013\/11\/mc_vfr800f_002_2014_dwn.jpg\" data-orig-size=\"1200,674\" data-comments-opened=\"1\" data-image-meta=\"{&quot;aperture&quot;:&quot;0&quot;,&quot;credit&quot;:&quot;&quot;,&quot;camera&quot;:&quot;&quot;,&quot;caption&quot;:&quot;&quot;,&quot;created_timestamp&quot;:&quot;0&quot;,&quot;copyright&quot;:&quot;&quot;,&quot;focal_length&quot;:&quot;0&quot;,&quot;iso&quot;:&quot;0&quot;,&quot;shutter_speed&quot;:&quot;0&quot;,&quot;title&quot;:&quot;&quot;}\" data-image-title=\"mc_vfr800f_002_2014_dwn\" data-image-description=\"\" data-image-caption=\"\" data-medium-file=\"https:\/\/www.zipf-net.de\/blog\/wp-content\/uploads\/2013\/11\/mc_vfr800f_002_2014_dwn-300x168.jpg\" data-large-file=\"https:\/\/www.zipf-net.de\/blog\/wp-content\/uploads\/2013\/11\/mc_vfr800f_002_2014_dwn-600x337.jpg\" tabindex=\"0\" role=\"button\" class=\"alignnone size-medium wp-image-2564\" alt=\"mc_vfr800f_002_2014_dwn\" src=\"http:\/\/www.zipf-net.de\/blog\/wp-content\/uploads\/2013\/11\/mc_vfr800f_002_2014_dwn-300x168.jpg\" width=\"300\" height=\"168\" srcset=\"https:\/\/www.zipf-net.de\/blog\/wp-content\/uploads\/2013\/11\/mc_vfr800f_002_2014_dwn-300x168.jpg 300w, https:\/\/www.zipf-net.de\/blog\/wp-content\/uploads\/2013\/11\/mc_vfr800f_002_2014_dwn-600x337.jpg 600w, https:\/\/www.zipf-net.de\/blog\/wp-content\/uploads\/2013\/11\/mc_vfr800f_002_2014_dwn.jpg 1200w\" sizes=\"(max-width: 300px) 100vw, 300px\" \/><\/a><img loading=\"lazy\" decoding=\"async\" data-attachment-id=\"2565\" data-permalink=\"https:\/\/www.zipf-net.de\/blog\/neue-honda-vfr-800-f-modelljahr-2014\/mc_vfr800f_003_2014_dwn\/\" data-orig-file=\"https:\/\/www.zipf-net.de\/blog\/wp-content\/uploads\/2013\/11\/mc_vfr800f_003_2014_dwn.jpg\" data-orig-size=\"1200,664\" data-comments-opened=\"1\" data-image-meta=\"{&quot;aperture&quot;:&quot;0&quot;,&quot;credit&quot;:&quot;&quot;,&quot;camera&quot;:&quot;&quot;,&quot;caption&quot;:&quot;&quot;,&quot;created_timestamp&quot;:&quot;0&quot;,&quot;copyright&quot;:&quot;&quot;,&quot;focal_length&quot;:&quot;0&quot;,&quot;iso&quot;:&quot;0&quot;,&quot;shutter_speed&quot;:&quot;0&quot;,&quot;title&quot;:&quot;&quot;}\" data-image-title=\"mc_vfr800f_003_2014_dwn\" data-image-description=\"\" data-image-caption=\"\" data-medium-file=\"https:\/\/www.zipf-net.de\/blog\/wp-content\/uploads\/2013\/11\/mc_vfr800f_003_2014_dwn-300x166.jpg\" data-large-file=\"https:\/\/www.zipf-net.de\/blog\/wp-content\/uploads\/2013\/11\/mc_vfr800f_003_2014_dwn-600x332.jpg\" tabindex=\"0\" role=\"button\" class=\"alignnone size-medium wp-image-2565\" alt=\"mc_vfr800f_003_2014_dwn\" src=\"http:\/\/www.zipf-net.de\/blog\/wp-content\/uploads\/2013\/11\/mc_vfr800f_003_2014_dwn-300x166.jpg\" width=\"300\" height=\"166\" srcset=\"https:\/\/www.zipf-net.de\/blog\/wp-content\/uploads\/2013\/11\/mc_vfr800f_003_2014_dwn-300x166.jpg 300w, https:\/\/www.zipf-net.de\/blog\/wp-content\/uploads\/2013\/11\/mc_vfr800f_003_2014_dwn-600x332.jpg 600w, https:\/\/www.zipf-net.de\/blog\/wp-content\/uploads\/2013\/11\/mc_vfr800f_003_2014_dwn.jpg 1200w\" sizes=\"(max-width: 300px) 100vw, 300px\" \/><\/p>\n<div id=\"geo-post-2560\" class=\"geo geo-post\" style=\"display: none\"><span class=\"latitude\">50.139989<\/span><span class=\"longitude\">9.109183<\/span><\/div>","protected":false},"excerpt":{"rendered":"<p>Tod geglaubte leben l\u00e4nger. Ein Jahr lang war sie von der Bildfl\u00e4che verschwunden, jetzt kommt sie in neuem Gewand und technischen Verbesserungen &#8211; die Honda VFR 800 F ist wieder da! Unten drunter ist sie (fast) die Alte geblieben (das VTEC wurde wohl angepasst), aber oben dr\u00fcber und drum herum hat sich einiges ver\u00e4ndert. Neue [&hellip;]<\/p>\n","protected":false},"author":1,"featured_media":2567,"comment_status":"open","ping_status":"open","sticky":false,"template":"","format":"standard","meta":{"jetpack_post_was_ever_published":false,"_jetpack_newsletter_access":"","_jetpack_dont_email_post_to_subs":false,"_jetpack_newsletter_tier_id":0,"_jetpack_memberships_contains_paywalled_content":false,"footnotes":"","_jetpack_memberships_contains_paid_content":false,"jetpack_publicize_message":"","jetpack_publicize_feature_enabled":true,"jetpack_social_post_already_shared":false,"jetpack_social_options":{"image_generator_settings":{"template":"highway","enabled":false},"version":2}},"categories":[2],"tags":[159,12],"jetpack_publicize_connections":[],"yoast_head":"<!-- This site is optimized with the Yoast SEO plugin v23.5 - https:\/\/yoast.com\/wordpress\/plugins\/seo\/ -->\n<title>Neue Honda VFR 800 F - Modelljahr 2014 | Zipflog.de<\/title>\n<meta name=\"robots\" content=\"index, follow, max-snippet:-1, max-image-preview:large, max-video-preview:-1\" \/>\n<link rel=\"canonical\" href=\"https:\/\/www.zipf-net.de\/blog\/neue-honda-vfr-800-f-modelljahr-2014\/\" \/>\n<meta property=\"og:locale\" content=\"de_DE\" \/>\n<meta property=\"og:type\" content=\"article\" \/>\n<meta property=\"og:title\" content=\"Neue Honda VFR 800 F - Modelljahr 2014 | Zipflog.de\" \/>\n<meta property=\"og:description\" content=\"Tod geglaubte leben l\u00e4nger. Ein Jahr lang war sie von der Bildfl\u00e4che verschwunden, jetzt kommt sie in neuem Gewand und technischen Verbesserungen &#8211; die Honda VFR 800 F ist wieder da! Unten drunter ist sie (fast) die Alte geblieben (das VTEC wurde wohl angepasst), aber oben dr\u00fcber und drum herum hat sich einiges ver\u00e4ndert. Neue [&hellip;]\" \/>\n<meta property=\"og:url\" content=\"https:\/\/www.zipf-net.de\/blog\/neue-honda-vfr-800-f-modelljahr-2014\/\" \/>\n<meta property=\"og:site_name\" content=\"Zipflog.de\" \/>\n<meta property=\"article:publisher\" content=\"https:\/\/www.facebook.com\/joergzipf\" \/>\n<meta property=\"article:author\" content=\"https:\/\/www.facebook.com\/joergzipf\" \/>\n<meta property=\"article:published_time\" content=\"2013-11-10T22:47:35+00:00\" \/>\n<meta property=\"article:modified_time\" content=\"2013-11-27T22:38:45+00:00\" \/>\n<meta property=\"og:image\" content=\"https:\/\/www.zipf-net.de\/blog\/wp-content\/uploads\/2013\/11\/mc_vfr800f_005_2014_dwn.jpg\" \/>\n\t<meta property=\"og:image:width\" content=\"1200\" \/>\n\t<meta property=\"og:image:height\" content=\"710\" \/>\n\t<meta property=\"og:image:type\" content=\"image\/jpeg\" \/>\n<meta name=\"author\" content=\"J\u00f6rg Zipf\" \/>\n<script type=\"application\/ld+json\" class=\"yoast-schema-graph\">{\"@context\":\"https:\/\/schema.org\",\"@graph\":[{\"@type\":\"Article\",\"@id\":\"https:\/\/www.zipf-net.de\/blog\/neue-honda-vfr-800-f-modelljahr-2014\/#article\",\"isPartOf\":{\"@id\":\"https:\/\/www.zipf-net.de\/blog\/neue-honda-vfr-800-f-modelljahr-2014\/\"},\"author\":{\"name\":\"J\u00f6rg Zipf\",\"@id\":\"https:\/\/www.zipf-net.de\/blog\/#\/schema\/person\/8659e2042d3d6841e04f59a54f0d0210\"},\"headline\":\"Neue Honda VFR 800 F &#8211; Modelljahr 2014\",\"datePublished\":\"2013-11-10T22:47:35+00:00\",\"dateModified\":\"2013-11-27T22:38:45+00:00\",\"mainEntityOfPage\":{\"@id\":\"https:\/\/www.zipf-net.de\/blog\/neue-honda-vfr-800-f-modelljahr-2014\/\"},\"wordCount\":263,\"commentCount\":0,\"publisher\":{\"@id\":\"https:\/\/www.zipf-net.de\/blog\/#\/schema\/person\/8659e2042d3d6841e04f59a54f0d0210\"},\"image\":{\"@id\":\"https:\/\/www.zipf-net.de\/blog\/neue-honda-vfr-800-f-modelljahr-2014\/#primaryimage\"},\"thumbnailUrl\":\"https:\/\/www.zipf-net.de\/blog\/wp-content\/uploads\/2013\/11\/mc_vfr800f_005_2014_dwn.jpg\",\"keywords\":[\"Motorrad\",\"VFR\"],\"articleSection\":[\"Motorrad\"],\"inLanguage\":\"de\",\"potentialAction\":[{\"@type\":\"CommentAction\",\"name\":\"Comment\",\"target\":[\"https:\/\/www.zipf-net.de\/blog\/neue-honda-vfr-800-f-modelljahr-2014\/#respond\"]}]},{\"@type\":\"WebPage\",\"@id\":\"https:\/\/www.zipf-net.de\/blog\/neue-honda-vfr-800-f-modelljahr-2014\/\",\"url\":\"https:\/\/www.zipf-net.de\/blog\/neue-honda-vfr-800-f-modelljahr-2014\/\",\"name\":\"Neue Honda VFR 800 F - Modelljahr 2014 | Zipflog.de\",\"isPartOf\":{\"@id\":\"https:\/\/www.zipf-net.de\/blog\/#website\"},\"primaryImageOfPage\":{\"@id\":\"https:\/\/www.zipf-net.de\/blog\/neue-honda-vfr-800-f-modelljahr-2014\/#primaryimage\"},\"image\":{\"@id\":\"https:\/\/www.zipf-net.de\/blog\/neue-honda-vfr-800-f-modelljahr-2014\/#primaryimage\"},\"thumbnailUrl\":\"https:\/\/www.zipf-net.de\/blog\/wp-content\/uploads\/2013\/11\/mc_vfr800f_005_2014_dwn.jpg\",\"datePublished\":\"2013-11-10T22:47:35+00:00\",\"dateModified\":\"2013-11-27T22:38:45+00:00\",\"breadcrumb\":{\"@id\":\"https:\/\/www.zipf-net.de\/blog\/neue-honda-vfr-800-f-modelljahr-2014\/#breadcrumb\"},\"inLanguage\":\"de\",\"potentialAction\":[{\"@type\":\"ReadAction\",\"target\":[\"https:\/\/www.zipf-net.de\/blog\/neue-honda-vfr-800-f-modelljahr-2014\/\"]}]},{\"@type\":\"ImageObject\",\"inLanguage\":\"de\",\"@id\":\"https:\/\/www.zipf-net.de\/blog\/neue-honda-vfr-800-f-modelljahr-2014\/#primaryimage\",\"url\":\"https:\/\/www.zipf-net.de\/blog\/wp-content\/uploads\/2013\/11\/mc_vfr800f_005_2014_dwn.jpg\",\"contentUrl\":\"https:\/\/www.zipf-net.de\/blog\/wp-content\/uploads\/2013\/11\/mc_vfr800f_005_2014_dwn.jpg\",\"width\":1200,\"height\":710},{\"@type\":\"BreadcrumbList\",\"@id\":\"https:\/\/www.zipf-net.de\/blog\/neue-honda-vfr-800-f-modelljahr-2014\/#breadcrumb\",\"itemListElement\":[{\"@type\":\"ListItem\",\"position\":1,\"name\":\"Startseite\",\"item\":\"https:\/\/www.zipf-net.de\/blog\/\"},{\"@type\":\"ListItem\",\"position\":2,\"name\":\"Neue Honda VFR 800 F &#8211; Modelljahr 2014\"}]},{\"@type\":\"WebSite\",\"@id\":\"https:\/\/www.zipf-net.de\/blog\/#website\",\"url\":\"https:\/\/www.zipf-net.de\/blog\/\",\"name\":\"Zipflog.de\",\"description\":\"Fotografie, Motorrad, Musik und mehr...\",\"publisher\":{\"@id\":\"https:\/\/www.zipf-net.de\/blog\/#\/schema\/person\/8659e2042d3d6841e04f59a54f0d0210\"},\"potentialAction\":[{\"@type\":\"SearchAction\",\"target\":{\"@type\":\"EntryPoint\",\"urlTemplate\":\"https:\/\/www.zipf-net.de\/blog\/?s={search_term_string}\"},\"query-input\":{\"@type\":\"PropertyValueSpecification\",\"valueRequired\":true,\"valueName\":\"search_term_string\"}}],\"inLanguage\":\"de\"},{\"@type\":[\"Person\",\"Organization\"],\"@id\":\"https:\/\/www.zipf-net.de\/blog\/#\/schema\/person\/8659e2042d3d6841e04f59a54f0d0210\",\"name\":\"J\u00f6rg Zipf\",\"image\":{\"@type\":\"ImageObject\",\"inLanguage\":\"de\",\"@id\":\"https:\/\/www.zipf-net.de\/blog\/#\/schema\/person\/image\/\",\"url\":\"https:\/\/secure.gravatar.com\/avatar\/123722e5c65aae60af100c7b03a5352a?s=96&d=mm&r=g\",\"contentUrl\":\"https:\/\/secure.gravatar.com\/avatar\/123722e5c65aae60af100c7b03a5352a?s=96&d=mm&r=g\",\"caption\":\"J\u00f6rg Zipf\"},\"logo\":{\"@id\":\"https:\/\/www.zipf-net.de\/blog\/#\/schema\/person\/image\/\"},\"sameAs\":[\"http:\/\/joerg.zipf-net.de\",\"https:\/\/www.facebook.com\/joergzipf\"],\"url\":\"https:\/\/www.zipf-net.de\/blog\/author\/admin\/\"}]}<\/script>\n<!-- \/ Yoast SEO plugin. -->","yoast_head_json":{"title":"Neue Honda VFR 800 F - Modelljahr 2014 | Zipflog.de","robots":{"index":"index","follow":"follow","max-snippet":"max-snippet:-1","max-image-preview":"max-image-preview:large","max-video-preview":"max-video-preview:-1"},"canonical":"https:\/\/www.zipf-net.de\/blog\/neue-honda-vfr-800-f-modelljahr-2014\/","og_locale":"de_DE","og_type":"article","og_title":"Neue Honda VFR 800 F - Modelljahr 2014 | Zipflog.de","og_description":"Tod geglaubte leben l\u00e4nger. Ein Jahr lang war sie von der Bildfl\u00e4che verschwunden, jetzt kommt sie in neuem Gewand und technischen Verbesserungen &#8211; die Honda VFR 800 F ist wieder da! Unten drunter ist sie (fast) die Alte geblieben (das VTEC wurde wohl angepasst), aber oben dr\u00fcber und drum herum hat sich einiges ver\u00e4ndert. Neue [&hellip;]","og_url":"https:\/\/www.zipf-net.de\/blog\/neue-honda-vfr-800-f-modelljahr-2014\/","og_site_name":"Zipflog.de","article_publisher":"https:\/\/www.facebook.com\/joergzipf","article_author":"https:\/\/www.facebook.com\/joergzipf","article_published_time":"2013-11-10T22:47:35+00:00","article_modified_time":"2013-11-27T22:38:45+00:00","og_image":[{"width":1200,"height":710,"url":"https:\/\/www.zipf-net.de\/blog\/wp-content\/uploads\/2013\/11\/mc_vfr800f_005_2014_dwn.jpg","type":"image\/jpeg"}],"author":"J\u00f6rg Zipf","schema":{"@context":"https:\/\/schema.org","@graph":[{"@type":"Article","@id":"https:\/\/www.zipf-net.de\/blog\/neue-honda-vfr-800-f-modelljahr-2014\/#article","isPartOf":{"@id":"https:\/\/www.zipf-net.de\/blog\/neue-honda-vfr-800-f-modelljahr-2014\/"},"author":{"name":"J\u00f6rg Zipf","@id":"https:\/\/www.zipf-net.de\/blog\/#\/schema\/person\/8659e2042d3d6841e04f59a54f0d0210"},"headline":"Neue Honda VFR 800 F &#8211; Modelljahr 2014","datePublished":"2013-11-10T22:47:35+00:00","dateModified":"2013-11-27T22:38:45+00:00","mainEntityOfPage":{"@id":"https:\/\/www.zipf-net.de\/blog\/neue-honda-vfr-800-f-modelljahr-2014\/"},"wordCount":263,"commentCount":0,"publisher":{"@id":"https:\/\/www.zipf-net.de\/blog\/#\/schema\/person\/8659e2042d3d6841e04f59a54f0d0210"},"image":{"@id":"https:\/\/www.zipf-net.de\/blog\/neue-honda-vfr-800-f-modelljahr-2014\/#primaryimage"},"thumbnailUrl":"https:\/\/www.zipf-net.de\/blog\/wp-content\/uploads\/2013\/11\/mc_vfr800f_005_2014_dwn.jpg","keywords":["Motorrad","VFR"],"articleSection":["Motorrad"],"inLanguage":"de","potentialAction":[{"@type":"CommentAction","name":"Comment","target":["https:\/\/www.zipf-net.de\/blog\/neue-honda-vfr-800-f-modelljahr-2014\/#respond"]}]},{"@type":"WebPage","@id":"https:\/\/www.zipf-net.de\/blog\/neue-honda-vfr-800-f-modelljahr-2014\/","url":"https:\/\/www.zipf-net.de\/blog\/neue-honda-vfr-800-f-modelljahr-2014\/","name":"Neue Honda VFR 800 F - Modelljahr 2014 | Zipflog.de","isPartOf":{"@id":"https:\/\/www.zipf-net.de\/blog\/#website"},"primaryImageOfPage":{"@id":"https:\/\/www.zipf-net.de\/blog\/neue-honda-vfr-800-f-modelljahr-2014\/#primaryimage"},"image":{"@id":"https:\/\/www.zipf-net.de\/blog\/neue-honda-vfr-800-f-modelljahr-2014\/#primaryimage"},"thumbnailUrl":"https:\/\/www.zipf-net.de\/blog\/wp-content\/uploads\/2013\/11\/mc_vfr800f_005_2014_dwn.jpg","datePublished":"2013-11-10T22:47:35+00:00","dateModified":"2013-11-27T22:38:45+00:00","breadcrumb":{"@id":"https:\/\/www.zipf-net.de\/blog\/neue-honda-vfr-800-f-modelljahr-2014\/#breadcrumb"},"inLanguage":"de","potentialAction":[{"@type":"ReadAction","target":["https:\/\/www.zipf-net.de\/blog\/neue-honda-vfr-800-f-modelljahr-2014\/"]}]},{"@type":"ImageObject","inLanguage":"de","@id":"https:\/\/www.zipf-net.de\/blog\/neue-honda-vfr-800-f-modelljahr-2014\/#primaryimage","url":"https:\/\/www.zipf-net.de\/blog\/wp-content\/uploads\/2013\/11\/mc_vfr800f_005_2014_dwn.jpg","contentUrl":"https:\/\/www.zipf-net.de\/blog\/wp-content\/uploads\/2013\/11\/mc_vfr800f_005_2014_dwn.jpg","width":1200,"height":710},{"@type":"BreadcrumbList","@id":"https:\/\/www.zipf-net.de\/blog\/neue-honda-vfr-800-f-modelljahr-2014\/#breadcrumb","itemListElement":[{"@type":"ListItem","position":1,"name":"Startseite","item":"https:\/\/www.zipf-net.de\/blog\/"},{"@type":"ListItem","position":2,"name":"Neue Honda VFR 800 F &#8211; Modelljahr 2014"}]},{"@type":"WebSite","@id":"https:\/\/www.zipf-net.de\/blog\/#website","url":"https:\/\/www.zipf-net.de\/blog\/","name":"Zipflog.de","description":"Fotografie, Motorrad, Musik und mehr...","publisher":{"@id":"https:\/\/www.zipf-net.de\/blog\/#\/schema\/person\/8659e2042d3d6841e04f59a54f0d0210"},"potentialAction":[{"@type":"SearchAction","target":{"@type":"EntryPoint","urlTemplate":"https:\/\/www.zipf-net.de\/blog\/?s={search_term_string}"},"query-input":{"@type":"PropertyValueSpecification","valueRequired":true,"valueName":"search_term_string"}}],"inLanguage":"de"},{"@type":["Person","Organization"],"@id":"https:\/\/www.zipf-net.de\/blog\/#\/schema\/person\/8659e2042d3d6841e04f59a54f0d0210","name":"J\u00f6rg Zipf","image":{"@type":"ImageObject","inLanguage":"de","@id":"https:\/\/www.zipf-net.de\/blog\/#\/schema\/person\/image\/","url":"https:\/\/secure.gravatar.com\/avatar\/123722e5c65aae60af100c7b03a5352a?s=96&d=mm&r=g","contentUrl":"https:\/\/secure.gravatar.com\/avatar\/123722e5c65aae60af100c7b03a5352a?s=96&d=mm&r=g","caption":"J\u00f6rg Zipf"},"logo":{"@id":"https:\/\/www.zipf-net.de\/blog\/#\/schema\/person\/image\/"},"sameAs":["http:\/\/joerg.zipf-net.de","https:\/\/www.facebook.com\/joergzipf"],"url":"https:\/\/www.zipf-net.de\/blog\/author\/admin\/"}]}},"jetpack_featured_media_url":"https:\/\/www.zipf-net.de\/blog\/wp-content\/uploads\/2013\/11\/mc_vfr800f_005_2014_dwn.jpg","jetpack_shortlink":"https:\/\/wp.me\/p1euvz-Fi","jetpack_sharing_enabled":true,"jetpack-related-posts":[],"_links":{"self":[{"href":"https:\/\/www.zipf-net.de\/blog\/wp-json\/wp\/v2\/posts\/2560"}],"collection":[{"href":"https:\/\/www.zipf-net.de\/blog\/wp-json\/wp\/v2\/posts"}],"about":[{"href":"https:\/\/www.zipf-net.de\/blog\/wp-json\/wp\/v2\/types\/post"}],"author":[{"embeddable":true,"href":"https:\/\/www.zipf-net.de\/blog\/wp-json\/wp\/v2\/users\/1"}],"replies":[{"embeddable":true,"href":"https:\/\/www.zipf-net.de\/blog\/wp-json\/wp\/v2\/comments?post=2560"}],"version-history":[{"count":18,"href":"https:\/\/www.zipf-net.de\/blog\/wp-json\/wp\/v2\/posts\/2560\/revisions"}],"predecessor-version":[{"id":2591,"href":"https:\/\/www.zipf-net.de\/blog\/wp-json\/wp\/v2\/posts\/2560\/revisions\/2591"}],"wp:featuredmedia":[{"embeddable":true,"href":"https:\/\/www.zipf-net.de\/blog\/wp-json\/wp\/v2\/media\/2567"}],"wp:attachment":[{"href":"https:\/\/www.zipf-net.de\/blog\/wp-json\/wp\/v2\/media?parent=2560"}],"wp:term":[{"taxonomy":"category","embeddable":true,"href":"https:\/\/www.zipf-net.de\/blog\/wp-json\/wp\/v2\/categories?post=2560"},{"taxonomy":"post_tag","embeddable":true,"href":"https:\/\/www.zipf-net.de\/blog\/wp-json\/wp\/v2\/tags?post=2560"}],"curies":[{"name":"wp","href":"https:\/\/api.w.org\/{rel}","templated":true}]}}