{"id":27,"date":"2007-07-17T23:24:34","date_gmt":"2007-07-17T21:24:34","guid":{"rendered":"http:\/\/zipf-net.de\/blog\/index.php\/archives\/27\/zweite-tour-drei-zinnen\/"},"modified":"2008-04-19T13:56:41","modified_gmt":"2008-04-19T12:56:41","slug":"zweite-tour-drei-zinnen","status":"publish","type":"post","link":"https:\/\/www.zipf-net.de\/blog\/zweite-tour-drei-zinnen\/","title":{"rendered":"Zweite Tour -> Drei Zinnen"},"content":{"rendered":"<p class=\"MsoNormal\">Zweiter Tag, das Wetter ist weiterhin bombig. Wir sind wieder eingeparkt, kommen jedoch etwas fr\u00fcher weg. Heute wollten wir zu den Drei Zinnen. Die Auffahrt war aber leider wegen Schneefall gesperrt. Dazu aber sp\u00e4ter mehr.<br \/>\nUnser erstes Ziel heute war der Karersee. Diesen wundersch\u00f6nen Bergsee muss man einfach gesehen haben. Das Wasser ist glasklar und smaragdgr\u00fcn (siehe Foto). Danach ging es \u00fcber den gleichnamigen Pass, den Karerpass (1745m), hin\u00fcber in das Fassatal. Von Canazei sind wir nicht, wie es alle machen, in die Sellaronda gefahren, sondern nach rechts Richtung Fedeia Pass (2057m) am Fu\u00dfe der Marmolada. Diese Strecke hinauf und auch auf der anderen Seite hinunter ist sehr zu empfehlen. Von dort aus f\u00fchrte uns unser Navi auf den Giau Pass (2238m). Ich zweifelte zwar schon daran ob wir richtig sind, aber irgendwann, ging es nach einer Ortschaft ein schmales Str\u00e4\u00dfchen links ab. Und dann, was soll ich sagen, Kurven, Kehren, Kurven, Kehren\u00e2\u20ac\u00a6. Genau 29 Kehren (toranti = Kehren). Wer diese Strecke in den Dolomiten noch nicht gefahren ist, ist selbst daran Schuld. Und vor allen Dingen kein Verkehr! Und die Aussicht ist sensationell. Hier oben haben wir gemerkt, dass wir schon in unserem Zeitplan etwas zur\u00fcck lagen. Deshalb haben wir uns entschlossen die Drei Zinnen auf einen anderen Tag zu verschieben, um noch eine gute Pizza zu essen und noch ein oder zwei Saunag\u00e4nge im Hotel einzulegen. Der R\u00fcckweg f\u00fchrte uns \u00fcber den Falzerego Pass (2105m), den Valporola Pass (2192m) \u00fcber Stern und Covara hinein in die Sallaronda. Das Gr\u00f6dner Joch (2137m) und das Sella Joch (2244m) waren, wie nicht anders zu erwarten, voller Verkehr. Wenn aber mal kein Bus vor einem war, konnten man auch hier die Kurven durchaus genie\u00dfen. Man muss es halt einmal gefahren haben. In Canazei angekommen ging es in der Blechlawine zur\u00fcck \u00fcber den Karerpass nach Obereggen.<\/p>\n<p class=\"MsoNormal\">Ankunft: 17 Uhr, gefahrene Kilometer: 210, Temperatur: 25\u00c2\u00b0C, das Weizenbier schmeckt wieder.<\/p>\n<p class=\"MsoNormal\">Wo wir morgen hinfahren kl\u00e4ren wir noch mit Hansfried (Concierge oder so). Wenn es nach Rocco (weltbester Barmann), geht fahren wir auf den Mendelpass in eine sch\u00f6ne Bar.<\/p>\n<p class=\"MsoNormal\"><a href=\"http:\/\/zipf-net.de\/blog\/wp-content\/uploads\/2007\/07\/Kehren.jpg\" class=\"fancyboxgroup\" rel=\"gallery-27\" class=\"imagelink\" title=\"29 Kehren\"><img decoding=\"async\" src=\"http:\/\/zipf-net.de\/blog\/wp-content\/uploads\/2007\/07\/KehrenVorschaubild.jpg\" id=\"image28\" alt=\"29 Kehren\" \/><\/a>  <a href=\"http:\/\/zipf-net.de\/blog\/wp-content\/uploads\/2007\/07\/Marmolada.jpg\" class=\"fancyboxgroup\" rel=\"gallery-27\" class=\"imagelink\" title=\"Marmolada\"><img decoding=\"async\" src=\"http:\/\/zipf-net.de\/blog\/wp-content\/uploads\/2007\/07\/MarmoladaVorschaubild.jpg\" id=\"image30\" alt=\"Marmolada\" \/> <\/a><a href=\"http:\/\/zipf-net.de\/blog\/wp-content\/uploads\/2007\/07\/Karersee.jpg\" class=\"fancyboxgroup\" rel=\"gallery-27\" class=\"imagelink\" title=\"Karersee\"><img decoding=\"async\" src=\"http:\/\/zipf-net.de\/blog\/wp-content\/uploads\/2007\/07\/KarerseeVorschaubild.jpg\" id=\"image29\" alt=\"Karersee\" \/> <\/a><a href=\"http:\/\/zipf-net.de\/blog\/wp-content\/uploads\/2007\/07\/Mopeten.jpg\" class=\"fancyboxgroup\" rel=\"gallery-27\" class=\"imagelink\" title=\"Mopeten\"><img decoding=\"async\" src=\"http:\/\/zipf-net.de\/blog\/wp-content\/uploads\/2007\/07\/MopetenVorschaubild.jpg\" id=\"image31\" alt=\"Mopeten\" \/><\/a><\/p>\n<p class=\"MsoNormal\">&nbsp;<\/p>\n","protected":false},"excerpt":{"rendered":"<p>Zweiter Tag, das Wetter ist weiterhin bombig. Wir sind wieder eingeparkt, kommen jedoch etwas fr\u00fcher weg. Heute wollten wir zu den Drei Zinnen. Die Auffahrt war aber leider wegen Schneefall gesperrt. Dazu aber sp\u00e4ter mehr. Unser erstes Ziel heute war der Karersee. Diesen wundersch\u00f6nen Bergsee muss man einfach gesehen haben. Das Wasser ist glasklar und [&hellip;]<\/p>\n","protected":false},"author":1,"featured_media":0,"comment_status":"open","ping_status":"open","sticky":false,"template":"","format":"standard","meta":{"jetpack_post_was_ever_published":false,"_jetpack_newsletter_access":"","_jetpack_dont_email_post_to_subs":false,"_jetpack_newsletter_tier_id":0,"_jetpack_memberships_contains_paywalled_content":false,"footnotes":"","_jetpack_memberships_contains_paid_content":false,"jetpack_publicize_message":"","jetpack_publicize_feature_enabled":true,"jetpack_social_post_already_shared":false,"jetpack_social_options":{"image_generator_settings":{"template":"highway","enabled":false},"version":2}},"categories":[17,3],"tags":[18,23,22,159,24,160],"jetpack_publicize_connections":[],"yoast_head":"<!-- This site is optimized with the Yoast SEO plugin v23.5 - https:\/\/yoast.com\/wordpress\/plugins\/seo\/ -->\n<title>Zweite Tour -&gt; Drei Zinnen | Zipflog.de<\/title>\n<meta name=\"robots\" content=\"index, follow, max-snippet:-1, max-image-preview:large, max-video-preview:-1\" \/>\n<link rel=\"canonical\" href=\"https:\/\/www.zipf-net.de\/blog\/zweite-tour-drei-zinnen\/\" \/>\n<meta property=\"og:locale\" content=\"de_DE\" \/>\n<meta property=\"og:type\" content=\"article\" \/>\n<meta property=\"og:title\" content=\"Zweite Tour -&gt; Drei Zinnen | Zipflog.de\" \/>\n<meta property=\"og:description\" content=\"Zweiter Tag, das Wetter ist weiterhin bombig. Wir sind wieder eingeparkt, kommen jedoch etwas fr\u00fcher weg. Heute wollten wir zu den Drei Zinnen. Die Auffahrt war aber leider wegen Schneefall gesperrt. Dazu aber sp\u00e4ter mehr. Unser erstes Ziel heute war der Karersee. Diesen wundersch\u00f6nen Bergsee muss man einfach gesehen haben. Das Wasser ist glasklar und [&hellip;]\" \/>\n<meta property=\"og:url\" content=\"https:\/\/www.zipf-net.de\/blog\/zweite-tour-drei-zinnen\/\" \/>\n<meta property=\"og:site_name\" content=\"Zipflog.de\" \/>\n<meta property=\"article:publisher\" content=\"https:\/\/www.facebook.com\/joergzipf\" \/>\n<meta property=\"article:author\" content=\"https:\/\/www.facebook.com\/joergzipf\" \/>\n<meta property=\"article:published_time\" content=\"2007-07-17T21:24:34+00:00\" \/>\n<meta property=\"article:modified_time\" content=\"2008-04-19T12:56:41+00:00\" \/>\n<meta property=\"og:image\" content=\"http:\/\/zipf-net.de\/blog\/wp-content\/uploads\/2007\/07\/KehrenVorschaubild.jpg\" \/>\n<meta name=\"author\" content=\"J\u00f6rg Zipf\" \/>\n<script type=\"application\/ld+json\" class=\"yoast-schema-graph\">{\"@context\":\"https:\/\/schema.org\",\"@graph\":[{\"@type\":\"Article\",\"@id\":\"https:\/\/www.zipf-net.de\/blog\/zweite-tour-drei-zinnen\/#article\",\"isPartOf\":{\"@id\":\"https:\/\/www.zipf-net.de\/blog\/zweite-tour-drei-zinnen\/\"},\"author\":{\"name\":\"J\u00f6rg Zipf\",\"@id\":\"https:\/\/www.zipf-net.de\/blog\/#\/schema\/person\/8659e2042d3d6841e04f59a54f0d0210\"},\"headline\":\"Zweite Tour -> Drei Zinnen\",\"datePublished\":\"2007-07-17T21:24:34+00:00\",\"dateModified\":\"2008-04-19T12:56:41+00:00\",\"mainEntityOfPage\":{\"@id\":\"https:\/\/www.zipf-net.de\/blog\/zweite-tour-drei-zinnen\/\"},\"wordCount\":362,\"commentCount\":2,\"publisher\":{\"@id\":\"https:\/\/www.zipf-net.de\/blog\/#\/schema\/person\/8659e2042d3d6841e04f59a54f0d0210\"},\"image\":{\"@id\":\"https:\/\/www.zipf-net.de\/blog\/zweite-tour-drei-zinnen\/#primaryimage\"},\"thumbnailUrl\":\"http:\/\/zipf-net.de\/blog\/wp-content\/uploads\/2007\/07\/KehrenVorschaubild.jpg\",\"keywords\":[\"Dolomiten\",\"Karersee\",\"Kehren\",\"Motorrad\",\"P\u00e4sse\",\"Touren\"],\"articleSection\":[\"Dolomiten 2007\",\"Touren\"],\"inLanguage\":\"de\",\"potentialAction\":[{\"@type\":\"CommentAction\",\"name\":\"Comment\",\"target\":[\"https:\/\/www.zipf-net.de\/blog\/zweite-tour-drei-zinnen\/#respond\"]}]},{\"@type\":\"WebPage\",\"@id\":\"https:\/\/www.zipf-net.de\/blog\/zweite-tour-drei-zinnen\/\",\"url\":\"https:\/\/www.zipf-net.de\/blog\/zweite-tour-drei-zinnen\/\",\"name\":\"Zweite Tour -> Drei Zinnen | Zipflog.de\",\"isPartOf\":{\"@id\":\"https:\/\/www.zipf-net.de\/blog\/#website\"},\"primaryImageOfPage\":{\"@id\":\"https:\/\/www.zipf-net.de\/blog\/zweite-tour-drei-zinnen\/#primaryimage\"},\"image\":{\"@id\":\"https:\/\/www.zipf-net.de\/blog\/zweite-tour-drei-zinnen\/#primaryimage\"},\"thumbnailUrl\":\"http:\/\/zipf-net.de\/blog\/wp-content\/uploads\/2007\/07\/KehrenVorschaubild.jpg\",\"datePublished\":\"2007-07-17T21:24:34+00:00\",\"dateModified\":\"2008-04-19T12:56:41+00:00\",\"breadcrumb\":{\"@id\":\"https:\/\/www.zipf-net.de\/blog\/zweite-tour-drei-zinnen\/#breadcrumb\"},\"inLanguage\":\"de\",\"potentialAction\":[{\"@type\":\"ReadAction\",\"target\":[\"https:\/\/www.zipf-net.de\/blog\/zweite-tour-drei-zinnen\/\"]}]},{\"@type\":\"ImageObject\",\"inLanguage\":\"de\",\"@id\":\"https:\/\/www.zipf-net.de\/blog\/zweite-tour-drei-zinnen\/#primaryimage\",\"url\":\"http:\/\/zipf-net.de\/blog\/wp-content\/uploads\/2007\/07\/KehrenVorschaubild.jpg\",\"contentUrl\":\"http:\/\/zipf-net.de\/blog\/wp-content\/uploads\/2007\/07\/KehrenVorschaubild.jpg\"},{\"@type\":\"BreadcrumbList\",\"@id\":\"https:\/\/www.zipf-net.de\/blog\/zweite-tour-drei-zinnen\/#breadcrumb\",\"itemListElement\":[{\"@type\":\"ListItem\",\"position\":1,\"name\":\"Startseite\",\"item\":\"https:\/\/www.zipf-net.de\/blog\/\"},{\"@type\":\"ListItem\",\"position\":2,\"name\":\"Zweite Tour -> Drei Zinnen\"}]},{\"@type\":\"WebSite\",\"@id\":\"https:\/\/www.zipf-net.de\/blog\/#website\",\"url\":\"https:\/\/www.zipf-net.de\/blog\/\",\"name\":\"Zipflog.de\",\"description\":\"Fotografie, Motorrad, Musik und mehr...\",\"publisher\":{\"@id\":\"https:\/\/www.zipf-net.de\/blog\/#\/schema\/person\/8659e2042d3d6841e04f59a54f0d0210\"},\"potentialAction\":[{\"@type\":\"SearchAction\",\"target\":{\"@type\":\"EntryPoint\",\"urlTemplate\":\"https:\/\/www.zipf-net.de\/blog\/?s={search_term_string}\"},\"query-input\":{\"@type\":\"PropertyValueSpecification\",\"valueRequired\":true,\"valueName\":\"search_term_string\"}}],\"inLanguage\":\"de\"},{\"@type\":[\"Person\",\"Organization\"],\"@id\":\"https:\/\/www.zipf-net.de\/blog\/#\/schema\/person\/8659e2042d3d6841e04f59a54f0d0210\",\"name\":\"J\u00f6rg Zipf\",\"image\":{\"@type\":\"ImageObject\",\"inLanguage\":\"de\",\"@id\":\"https:\/\/www.zipf-net.de\/blog\/#\/schema\/person\/image\/\",\"url\":\"https:\/\/secure.gravatar.com\/avatar\/123722e5c65aae60af100c7b03a5352a?s=96&d=mm&r=g\",\"contentUrl\":\"https:\/\/secure.gravatar.com\/avatar\/123722e5c65aae60af100c7b03a5352a?s=96&d=mm&r=g\",\"caption\":\"J\u00f6rg Zipf\"},\"logo\":{\"@id\":\"https:\/\/www.zipf-net.de\/blog\/#\/schema\/person\/image\/\"},\"sameAs\":[\"http:\/\/joerg.zipf-net.de\",\"https:\/\/www.facebook.com\/joergzipf\"],\"url\":\"https:\/\/www.zipf-net.de\/blog\/author\/admin\/\"}]}<\/script>\n<!-- \/ Yoast SEO plugin. -->","yoast_head_json":{"title":"Zweite Tour -> Drei Zinnen | Zipflog.de","robots":{"index":"index","follow":"follow","max-snippet":"max-snippet:-1","max-image-preview":"max-image-preview:large","max-video-preview":"max-video-preview:-1"},"canonical":"https:\/\/www.zipf-net.de\/blog\/zweite-tour-drei-zinnen\/","og_locale":"de_DE","og_type":"article","og_title":"Zweite Tour -> Drei Zinnen | Zipflog.de","og_description":"Zweiter Tag, das Wetter ist weiterhin bombig. Wir sind wieder eingeparkt, kommen jedoch etwas fr\u00fcher weg. Heute wollten wir zu den Drei Zinnen. Die Auffahrt war aber leider wegen Schneefall gesperrt. Dazu aber sp\u00e4ter mehr. Unser erstes Ziel heute war der Karersee. Diesen wundersch\u00f6nen Bergsee muss man einfach gesehen haben. Das Wasser ist glasklar und [&hellip;]","og_url":"https:\/\/www.zipf-net.de\/blog\/zweite-tour-drei-zinnen\/","og_site_name":"Zipflog.de","article_publisher":"https:\/\/www.facebook.com\/joergzipf","article_author":"https:\/\/www.facebook.com\/joergzipf","article_published_time":"2007-07-17T21:24:34+00:00","article_modified_time":"2008-04-19T12:56:41+00:00","og_image":[{"url":"http:\/\/zipf-net.de\/blog\/wp-content\/uploads\/2007\/07\/KehrenVorschaubild.jpg"}],"author":"J\u00f6rg Zipf","schema":{"@context":"https:\/\/schema.org","@graph":[{"@type":"Article","@id":"https:\/\/www.zipf-net.de\/blog\/zweite-tour-drei-zinnen\/#article","isPartOf":{"@id":"https:\/\/www.zipf-net.de\/blog\/zweite-tour-drei-zinnen\/"},"author":{"name":"J\u00f6rg Zipf","@id":"https:\/\/www.zipf-net.de\/blog\/#\/schema\/person\/8659e2042d3d6841e04f59a54f0d0210"},"headline":"Zweite Tour -> Drei Zinnen","datePublished":"2007-07-17T21:24:34+00:00","dateModified":"2008-04-19T12:56:41+00:00","mainEntityOfPage":{"@id":"https:\/\/www.zipf-net.de\/blog\/zweite-tour-drei-zinnen\/"},"wordCount":362,"commentCount":2,"publisher":{"@id":"https:\/\/www.zipf-net.de\/blog\/#\/schema\/person\/8659e2042d3d6841e04f59a54f0d0210"},"image":{"@id":"https:\/\/www.zipf-net.de\/blog\/zweite-tour-drei-zinnen\/#primaryimage"},"thumbnailUrl":"http:\/\/zipf-net.de\/blog\/wp-content\/uploads\/2007\/07\/KehrenVorschaubild.jpg","keywords":["Dolomiten","Karersee","Kehren","Motorrad","P\u00e4sse","Touren"],"articleSection":["Dolomiten 2007","Touren"],"inLanguage":"de","potentialAction":[{"@type":"CommentAction","name":"Comment","target":["https:\/\/www.zipf-net.de\/blog\/zweite-tour-drei-zinnen\/#respond"]}]},{"@type":"WebPage","@id":"https:\/\/www.zipf-net.de\/blog\/zweite-tour-drei-zinnen\/","url":"https:\/\/www.zipf-net.de\/blog\/zweite-tour-drei-zinnen\/","name":"Zweite Tour -> Drei Zinnen | Zipflog.de","isPartOf":{"@id":"https:\/\/www.zipf-net.de\/blog\/#website"},"primaryImageOfPage":{"@id":"https:\/\/www.zipf-net.de\/blog\/zweite-tour-drei-zinnen\/#primaryimage"},"image":{"@id":"https:\/\/www.zipf-net.de\/blog\/zweite-tour-drei-zinnen\/#primaryimage"},"thumbnailUrl":"http:\/\/zipf-net.de\/blog\/wp-content\/uploads\/2007\/07\/KehrenVorschaubild.jpg","datePublished":"2007-07-17T21:24:34+00:00","dateModified":"2008-04-19T12:56:41+00:00","breadcrumb":{"@id":"https:\/\/www.zipf-net.de\/blog\/zweite-tour-drei-zinnen\/#breadcrumb"},"inLanguage":"de","potentialAction":[{"@type":"ReadAction","target":["https:\/\/www.zipf-net.de\/blog\/zweite-tour-drei-zinnen\/"]}]},{"@type":"ImageObject","inLanguage":"de","@id":"https:\/\/www.zipf-net.de\/blog\/zweite-tour-drei-zinnen\/#primaryimage","url":"http:\/\/zipf-net.de\/blog\/wp-content\/uploads\/2007\/07\/KehrenVorschaubild.jpg","contentUrl":"http:\/\/zipf-net.de\/blog\/wp-content\/uploads\/2007\/07\/KehrenVorschaubild.jpg"},{"@type":"BreadcrumbList","@id":"https:\/\/www.zipf-net.de\/blog\/zweite-tour-drei-zinnen\/#breadcrumb","itemListElement":[{"@type":"ListItem","position":1,"name":"Startseite","item":"https:\/\/www.zipf-net.de\/blog\/"},{"@type":"ListItem","position":2,"name":"Zweite Tour -> Drei Zinnen"}]},{"@type":"WebSite","@id":"https:\/\/www.zipf-net.de\/blog\/#website","url":"https:\/\/www.zipf-net.de\/blog\/","name":"Zipflog.de","description":"Fotografie, Motorrad, Musik und mehr...","publisher":{"@id":"https:\/\/www.zipf-net.de\/blog\/#\/schema\/person\/8659e2042d3d6841e04f59a54f0d0210"},"potentialAction":[{"@type":"SearchAction","target":{"@type":"EntryPoint","urlTemplate":"https:\/\/www.zipf-net.de\/blog\/?s={search_term_string}"},"query-input":{"@type":"PropertyValueSpecification","valueRequired":true,"valueName":"search_term_string"}}],"inLanguage":"de"},{"@type":["Person","Organization"],"@id":"https:\/\/www.zipf-net.de\/blog\/#\/schema\/person\/8659e2042d3d6841e04f59a54f0d0210","name":"J\u00f6rg Zipf","image":{"@type":"ImageObject","inLanguage":"de","@id":"https:\/\/www.zipf-net.de\/blog\/#\/schema\/person\/image\/","url":"https:\/\/secure.gravatar.com\/avatar\/123722e5c65aae60af100c7b03a5352a?s=96&d=mm&r=g","contentUrl":"https:\/\/secure.gravatar.com\/avatar\/123722e5c65aae60af100c7b03a5352a?s=96&d=mm&r=g","caption":"J\u00f6rg Zipf"},"logo":{"@id":"https:\/\/www.zipf-net.de\/blog\/#\/schema\/person\/image\/"},"sameAs":["http:\/\/joerg.zipf-net.de","https:\/\/www.facebook.com\/joergzipf"],"url":"https:\/\/www.zipf-net.de\/blog\/author\/admin\/"}]}},"jetpack_featured_media_url":"","jetpack_shortlink":"https:\/\/wp.me\/p1euvz-r","jetpack_sharing_enabled":true,"jetpack-related-posts":[],"_links":{"self":[{"href":"https:\/\/www.zipf-net.de\/blog\/wp-json\/wp\/v2\/posts\/27"}],"collection":[{"href":"https:\/\/www.zipf-net.de\/blog\/wp-json\/wp\/v2\/posts"}],"about":[{"href":"https:\/\/www.zipf-net.de\/blog\/wp-json\/wp\/v2\/types\/post"}],"author":[{"embeddable":true,"href":"https:\/\/www.zipf-net.de\/blog\/wp-json\/wp\/v2\/users\/1"}],"replies":[{"embeddable":true,"href":"https:\/\/www.zipf-net.de\/blog\/wp-json\/wp\/v2\/comments?post=27"}],"version-history":[{"count":0,"href":"https:\/\/www.zipf-net.de\/blog\/wp-json\/wp\/v2\/posts\/27\/revisions"}],"wp:attachment":[{"href":"https:\/\/www.zipf-net.de\/blog\/wp-json\/wp\/v2\/media?parent=27"}],"wp:term":[{"taxonomy":"category","embeddable":true,"href":"https:\/\/www.zipf-net.de\/blog\/wp-json\/wp\/v2\/categories?post=27"},{"taxonomy":"post_tag","embeddable":true,"href":"https:\/\/www.zipf-net.de\/blog\/wp-json\/wp\/v2\/tags?post=27"}],"curies":[{"name":"wp","href":"https:\/\/api.w.org\/{rel}","templated":true}]}}