{"id":3250,"date":"2014-07-13T02:14:45","date_gmt":"2014-07-13T00:14:45","guid":{"rendered":"http:\/\/www.zipf-net.de\/blog\/?p=3250"},"modified":"2014-07-13T02:49:35","modified_gmt":"2014-07-13T00:49:35","slug":"dolomiten-tour-2014-das-siebte-mal","status":"publish","type":"post","link":"https:\/\/www.zipf-net.de\/blog\/dolomiten-tour-2014-das-siebte-mal\/","title":{"rendered":"Dolomiten-Tour 2014 &#8211; das siebte Mal"},"content":{"rendered":"<h2>Immer wieder sch\u00f6n<\/h2>\n<p>Das verflixte siebte Jahr, davon konnte ich nichts feststellen, evtl. weil ich zwischendurch mal zwei Jahre pausiert habe. Ja, sieben Mal war ich jetzt mit dem Motorrad in den Dolomiten und immer am gleichen Ort und im gleichen <a title=\"Hotel Obereggen\" href=\"http:\/\/bikerspoint.it\/\" target=\"_blank\">Hotel <\/a> in Obereggen. Fr\u00fcher konnte ich nur mit dem Kopf sch\u00fctteln wenn jemand erz\u00e4hlt hat &#8222;wir fahren jetzt schon 25 Jahre an den gleichen Urlaubsort&#8220;, heute kann ich diese Leute irgendwie verstehen. Warum soll ich woanders hinfahren wenn es mir dort so gut gef\u00e4llt und ich mich auskenne?<\/p>\n<h2>Geheimtipps<\/h2>\n<p>Die Dolomiten und die umliegenden Gebirgsketten der Alpen haben f\u00fcr Motorradfahrer ihren besonderen Reiz. Niergendwo anders ist die P\u00e4ssedichte, und damit auch die Kurvenanzahl, so hoch wie in dieser Region. Und damit meine ich nicht nur die ber\u00fchmte und deshalb auch so \u00fcberlaufene Sella-Runde. In der N\u00e4he gibt es so viele sch\u00f6ne Stra\u00dfen weit ab vom gro\u00dfen Touristentrubel. Man muss sie nur kennen, die &#8222;Geheimtipps&#8220; und da zahlt sich dann eben aus wenn man sch\u00f6n \u00f6fter dort war. Z.B. der <a title=\"Cereda Pass\" href=\"https:\/\/www.google.de\/maps\/place\/Passo+Cereda,+38054+Transacqua,+Trentino,+Italien\/@46.1848424,11.9004706,2529m\/data=!3m1!1e3!4m2!3m1!1s0x4778f86dafb299a7:0x1d0709882e714d20\" target=\"_blank\">Cereda Pass<\/a> oder der Pass <a title=\"Forcella Aurine\" href=\"https:\/\/www.google.de\/maps\/place\/32020+Forcella+Aurine+BL,+Italien\/@46.2323501,11.9718594,4139m\/data=!3m1!1e3!4m2!3m1!1s0x47785688e501827f:0x260709882e6fa2f1\" target=\"_blank\">Forcella Aurine<\/a>. Diese sind mit ihren ca. 1300m hohen Passh\u00f6hen zwar nicht hoch, aber trotzdem ein Eldorado f\u00fcr Kurvenfanatiker.<br \/>\nAber, ich bin jetzt schon so oft dort gewesen und ich habe noch immer nicht alles erfahren was diese Region alles bietet. Deshalb wird es bestimmt auch ein achtes Mal geben.<\/p>\n<h2>iPhone tuts auch<\/h2>\n<p>In den letzten Jahren habe ich immer versucht jeden Tag \u00fcber unsere Touren zu berichten. Dieses Jahr habe ich mal bewusst das Bloggen sein lassen. Warum? Ich hatte irgendwie keine Lust. Auch mit dem Fotografieren habe ich mich stark zur\u00fcckgehalten. Ich hatte zwar meine DSLR-Ausr\u00fcstung dabei, aber ich wollte meinem vom Bandscheibenvorfall geplagten R\u00fccken dieses Jahr den schweren Rucksack nicht zumuten. Ich habe es mal gaaaanz simpel gehalten und habe nur mit dem iPhone fotografiert. Die Ergebnisse k\u00f6nnen sich auch sehen lassen \ud83d\ude42<\/p>\n<div id='gallery-1' class='czr-gallery row flex-row czr-gallery-style gallery galleryid-3250 gallery-columns-3 gallery-size-thumbnail'><figure class='gallery-item col col-auto'>\r\n                        <div class='gallery-icon  czr-gallery-icon'>\r\n                              <a data-lb-type=\"grouped-gallery\" href=https:\/\/www.zipf-net.de\/blog\/wp-content\/uploads\/2014\/07\/IMG_2507.jpg class=\"bg-link\"><\/a><img loading=\"lazy\" decoding=\"async\" width=\"1\" height=\"1\" src=\"https:\/\/www.zipf-net.de\/blog\/wp-content\/uploads\/2014\/07\/IMG_2507.jpg\" class=\"attachment-thumbnail size-thumbnail\" alt=\"Aufgeladen\" sizes=\"(min-width: 1200px) 350px, (min-width: 992px) 290px, (min-width: 768px) 210px, (min-width: 576px) 150px, calc( 50vw - 30px )\" data-attachment-id=\"3251\" data-permalink=\"https:\/\/www.zipf-net.de\/blog\/dolomiten-tour-2014-das-siebte-mal\/img_2507\/\" data-orig-file=\"https:\/\/www.zipf-net.de\/blog\/wp-content\/uploads\/2014\/07\/IMG_2507.jpg\" data-orig-size=\"\" data-comments-opened=\"1\" data-image-meta=\"[]\" data-image-title=\"Aufgeladen\" data-image-description=\"\" data-image-caption=\"\" data-medium-file=\"https:\/\/www.zipf-net.de\/blog\/wp-content\/uploads\/2014\/07\/IMG_2507.jpg\" data-large-file=\"https:\/\/www.zipf-net.de\/blog\/wp-content\/uploads\/2014\/07\/IMG_2507.jpg\" tabindex=\"0\" role=\"button\" \/>\r\n                        <\/div><\/figure><figure class='gallery-item col col-auto'>\r\n                        <div class='gallery-icon  czr-gallery-icon'>\r\n                              <a data-lb-type=\"grouped-gallery\" href=https:\/\/www.zipf-net.de\/blog\/wp-content\/uploads\/2014\/07\/IMG_2509.jpg class=\"bg-link\"><\/a><img loading=\"lazy\" decoding=\"async\" width=\"1\" height=\"1\" src=\"https:\/\/www.zipf-net.de\/blog\/wp-content\/uploads\/2014\/07\/IMG_2509.jpg\" class=\"attachment-thumbnail size-thumbnail\" alt=\"San Pelegrino Pass\" sizes=\"(min-width: 1200px) 350px, (min-width: 992px) 290px, (min-width: 768px) 210px, (min-width: 576px) 150px, calc( 50vw - 30px )\" data-attachment-id=\"3252\" data-permalink=\"https:\/\/www.zipf-net.de\/blog\/dolomiten-tour-2014-das-siebte-mal\/img_2509\/\" data-orig-file=\"https:\/\/www.zipf-net.de\/blog\/wp-content\/uploads\/2014\/07\/IMG_2509.jpg\" data-orig-size=\"\" data-comments-opened=\"1\" data-image-meta=\"[]\" data-image-title=\"San Pelegrino Pass\" data-image-description=\"\" data-image-caption=\"\" data-medium-file=\"https:\/\/www.zipf-net.de\/blog\/wp-content\/uploads\/2014\/07\/IMG_2509.jpg\" data-large-file=\"https:\/\/www.zipf-net.de\/blog\/wp-content\/uploads\/2014\/07\/IMG_2509.jpg\" tabindex=\"0\" role=\"button\" \/>\r\n                        <\/div><\/figure><figure class='gallery-item col col-auto'>\r\n                        <div class='gallery-icon  czr-gallery-icon'>\r\n                              <a data-lb-type=\"grouped-gallery\" href=https:\/\/www.zipf-net.de\/blog\/wp-content\/uploads\/2014\/07\/IMG_2553.jpg class=\"bg-link\"><\/a><img loading=\"lazy\" decoding=\"async\" width=\"1\" height=\"1\" src=\"https:\/\/www.zipf-net.de\/blog\/wp-content\/uploads\/2014\/07\/IMG_2553.jpg\" class=\"attachment-thumbnail size-thumbnail\" alt=\"Villn\u00c3\u00b6sstal Geisslergruppe\" sizes=\"(min-width: 1200px) 350px, (min-width: 992px) 290px, (min-width: 768px) 210px, (min-width: 576px) 150px, calc( 50vw - 30px )\" data-attachment-id=\"3260\" data-permalink=\"https:\/\/www.zipf-net.de\/blog\/dolomiten-tour-2014-das-siebte-mal\/img_2553\/\" data-orig-file=\"https:\/\/www.zipf-net.de\/blog\/wp-content\/uploads\/2014\/07\/IMG_2553.jpg\" data-orig-size=\"\" data-comments-opened=\"1\" data-image-meta=\"[]\" data-image-title=\"Villn\u00f6sstal Geisslergruppe\" data-image-description=\"\" data-image-caption=\"\" data-medium-file=\"https:\/\/www.zipf-net.de\/blog\/wp-content\/uploads\/2014\/07\/IMG_2553.jpg\" data-large-file=\"https:\/\/www.zipf-net.de\/blog\/wp-content\/uploads\/2014\/07\/IMG_2553.jpg\" tabindex=\"0\" role=\"button\" \/>\r\n                        <\/div><\/figure><figure class='gallery-item col col-auto'>\r\n                        <div class='gallery-icon  czr-gallery-icon'>\r\n                              <a data-lb-type=\"grouped-gallery\" href=https:\/\/www.zipf-net.de\/blog\/wp-content\/uploads\/2014\/07\/IMG_2552.jpg class=\"bg-link\"><\/a><img loading=\"lazy\" decoding=\"async\" width=\"1\" height=\"1\" src=\"https:\/\/www.zipf-net.de\/blog\/wp-content\/uploads\/2014\/07\/IMG_2552.jpg\" class=\"attachment-thumbnail size-thumbnail\" alt=\"Kaiserschmarrn\" sizes=\"(min-width: 1200px) 350px, (min-width: 992px) 290px, (min-width: 768px) 210px, (min-width: 576px) 150px, calc( 50vw - 30px )\" data-attachment-id=\"3259\" data-permalink=\"https:\/\/www.zipf-net.de\/blog\/dolomiten-tour-2014-das-siebte-mal\/img_2552\/\" data-orig-file=\"https:\/\/www.zipf-net.de\/blog\/wp-content\/uploads\/2014\/07\/IMG_2552.jpg\" data-orig-size=\"\" data-comments-opened=\"1\" data-image-meta=\"[]\" data-image-title=\"Kaiserschmarrn\" data-image-description=\"\" data-image-caption=\"\" data-medium-file=\"https:\/\/www.zipf-net.de\/blog\/wp-content\/uploads\/2014\/07\/IMG_2552.jpg\" data-large-file=\"https:\/\/www.zipf-net.de\/blog\/wp-content\/uploads\/2014\/07\/IMG_2552.jpg\" tabindex=\"0\" role=\"button\" \/>\r\n                        <\/div><\/figure><figure class='gallery-item col col-auto'>\r\n                        <div class='gallery-icon  czr-gallery-icon'>\r\n                              <a data-lb-type=\"grouped-gallery\" href=https:\/\/www.zipf-net.de\/blog\/wp-content\/uploads\/2014\/07\/IMG_2546.jpg class=\"bg-link\"><\/a><img loading=\"lazy\" decoding=\"async\" width=\"1\" height=\"1\" src=\"https:\/\/www.zipf-net.de\/blog\/wp-content\/uploads\/2014\/07\/IMG_2546.jpg\" class=\"attachment-thumbnail size-thumbnail\" alt=\"Honda VFR 1200F\" sizes=\"(min-width: 1200px) 350px, (min-width: 992px) 290px, (min-width: 768px) 210px, (min-width: 576px) 150px, calc( 50vw - 30px )\" data-attachment-id=\"3258\" data-permalink=\"https:\/\/www.zipf-net.de\/blog\/dolomiten-tour-2014-das-siebte-mal\/img_2546\/\" data-orig-file=\"https:\/\/www.zipf-net.de\/blog\/wp-content\/uploads\/2014\/07\/IMG_2546.jpg\" data-orig-size=\"\" data-comments-opened=\"1\" data-image-meta=\"[]\" data-image-title=\"Honda VFR 1200F\" data-image-description=\"\" data-image-caption=\"\" data-medium-file=\"https:\/\/www.zipf-net.de\/blog\/wp-content\/uploads\/2014\/07\/IMG_2546.jpg\" data-large-file=\"https:\/\/www.zipf-net.de\/blog\/wp-content\/uploads\/2014\/07\/IMG_2546.jpg\" tabindex=\"0\" role=\"button\" \/>\r\n                        <\/div><\/figure><figure class='gallery-item col col-auto'>\r\n                        <div class='gallery-icon  czr-gallery-icon'>\r\n                              <a data-lb-type=\"grouped-gallery\" href=https:\/\/www.zipf-net.de\/blog\/wp-content\/uploads\/2014\/07\/IMG_2544.jpg class=\"bg-link\"><\/a><img loading=\"lazy\" decoding=\"async\" width=\"1\" height=\"1\" src=\"https:\/\/www.zipf-net.de\/blog\/wp-content\/uploads\/2014\/07\/IMG_2544.jpg\" class=\"attachment-thumbnail size-thumbnail\" alt=\"W\u00c3\u00bcrzjoch\" sizes=\"(min-width: 1200px) 350px, (min-width: 992px) 290px, (min-width: 768px) 210px, (min-width: 576px) 150px, calc( 50vw - 30px )\" data-attachment-id=\"3257\" data-permalink=\"https:\/\/www.zipf-net.de\/blog\/dolomiten-tour-2014-das-siebte-mal\/img_2544\/\" data-orig-file=\"https:\/\/www.zipf-net.de\/blog\/wp-content\/uploads\/2014\/07\/IMG_2544.jpg\" data-orig-size=\"\" data-comments-opened=\"1\" data-image-meta=\"[]\" data-image-title=\"W\u00fcrzjoch\" data-image-description=\"\" data-image-caption=\"\" data-medium-file=\"https:\/\/www.zipf-net.de\/blog\/wp-content\/uploads\/2014\/07\/IMG_2544.jpg\" data-large-file=\"https:\/\/www.zipf-net.de\/blog\/wp-content\/uploads\/2014\/07\/IMG_2544.jpg\" tabindex=\"0\" role=\"button\" \/>\r\n                        <\/div><\/figure><figure class='gallery-item col col-auto'>\r\n                        <div class='gallery-icon  czr-gallery-icon'>\r\n                              <a data-lb-type=\"grouped-gallery\" href=https:\/\/www.zipf-net.de\/blog\/wp-content\/uploads\/2014\/07\/IMG_2541.jpg class=\"bg-link\"><\/a><img loading=\"lazy\" decoding=\"async\" width=\"1\" height=\"1\" src=\"https:\/\/www.zipf-net.de\/blog\/wp-content\/uploads\/2014\/07\/IMG_2541.jpg\" class=\"attachment-thumbnail size-thumbnail\" alt=\"Sellajoch mit Langkofel\" sizes=\"(min-width: 1200px) 350px, (min-width: 992px) 290px, (min-width: 768px) 210px, (min-width: 576px) 150px, calc( 50vw - 30px )\" data-attachment-id=\"3256\" data-permalink=\"https:\/\/www.zipf-net.de\/blog\/dolomiten-tour-2014-das-siebte-mal\/img_2541\/\" data-orig-file=\"https:\/\/www.zipf-net.de\/blog\/wp-content\/uploads\/2014\/07\/IMG_2541.jpg\" data-orig-size=\"\" data-comments-opened=\"1\" data-image-meta=\"[]\" data-image-title=\"Sellajoch mit Langkofel\" data-image-description=\"\" data-image-caption=\"\" data-medium-file=\"https:\/\/www.zipf-net.de\/blog\/wp-content\/uploads\/2014\/07\/IMG_2541.jpg\" data-large-file=\"https:\/\/www.zipf-net.de\/blog\/wp-content\/uploads\/2014\/07\/IMG_2541.jpg\" tabindex=\"0\" role=\"button\" \/>\r\n                        <\/div><\/figure><figure class='gallery-item col col-auto'>\r\n                        <div class='gallery-icon  czr-gallery-icon'>\r\n                              <a data-lb-type=\"grouped-gallery\" href=https:\/\/www.zipf-net.de\/blog\/wp-content\/uploads\/2014\/07\/IMG_2526.jpg class=\"bg-link\"><\/a><img loading=\"lazy\" decoding=\"async\" width=\"1\" height=\"1\" src=\"https:\/\/www.zipf-net.de\/blog\/wp-content\/uploads\/2014\/07\/IMG_2526.jpg\" class=\"attachment-thumbnail size-thumbnail\" alt=\"Franziskanerkloster Bozen\" sizes=\"(min-width: 1200px) 350px, (min-width: 992px) 290px, (min-width: 768px) 210px, (min-width: 576px) 150px, calc( 50vw - 30px )\" data-attachment-id=\"3255\" data-permalink=\"https:\/\/www.zipf-net.de\/blog\/dolomiten-tour-2014-das-siebte-mal\/img_2526\/\" data-orig-file=\"https:\/\/www.zipf-net.de\/blog\/wp-content\/uploads\/2014\/07\/IMG_2526.jpg\" data-orig-size=\"\" data-comments-opened=\"1\" data-image-meta=\"[]\" data-image-title=\"Franziskanerkloster Bozen\" data-image-description=\"\" data-image-caption=\"\" data-medium-file=\"https:\/\/www.zipf-net.de\/blog\/wp-content\/uploads\/2014\/07\/IMG_2526.jpg\" data-large-file=\"https:\/\/www.zipf-net.de\/blog\/wp-content\/uploads\/2014\/07\/IMG_2526.jpg\" tabindex=\"0\" role=\"button\" \/>\r\n                        <\/div><\/figure><figure class='gallery-item col col-auto'>\r\n                        <div class='gallery-icon  czr-gallery-icon'>\r\n                              <a data-lb-type=\"grouped-gallery\" href=https:\/\/www.zipf-net.de\/blog\/wp-content\/uploads\/2014\/07\/IMG_2521.jpg class=\"bg-link\"><\/a><img loading=\"lazy\" decoding=\"async\" width=\"1\" height=\"1\" src=\"https:\/\/www.zipf-net.de\/blog\/wp-content\/uploads\/2014\/07\/IMG_2521.jpg\" class=\"attachment-thumbnail size-thumbnail\" alt=\"Hotel Obereggen mit Latemar\" sizes=\"(min-width: 1200px) 350px, (min-width: 992px) 290px, (min-width: 768px) 210px, (min-width: 576px) 150px, calc( 50vw - 30px )\" data-attachment-id=\"3254\" data-permalink=\"https:\/\/www.zipf-net.de\/blog\/dolomiten-tour-2014-das-siebte-mal\/img_2521\/\" data-orig-file=\"https:\/\/www.zipf-net.de\/blog\/wp-content\/uploads\/2014\/07\/IMG_2521.jpg\" data-orig-size=\"\" data-comments-opened=\"1\" data-image-meta=\"[]\" data-image-title=\"Hotel Obereggen mit Latemar\" data-image-description=\"\" data-image-caption=\"\" data-medium-file=\"https:\/\/www.zipf-net.de\/blog\/wp-content\/uploads\/2014\/07\/IMG_2521.jpg\" data-large-file=\"https:\/\/www.zipf-net.de\/blog\/wp-content\/uploads\/2014\/07\/IMG_2521.jpg\" tabindex=\"0\" role=\"button\" \/>\r\n                        <\/div><\/figure><figure class='gallery-item col col-auto'>\r\n                        <div class='gallery-icon  czr-gallery-icon'>\r\n                              <a data-lb-type=\"grouped-gallery\" href=https:\/\/www.zipf-net.de\/blog\/wp-content\/uploads\/2014\/07\/IMG_2519.jpg class=\"bg-link\"><\/a><img loading=\"lazy\" decoding=\"async\" width=\"1\" height=\"1\" src=\"https:\/\/www.zipf-net.de\/blog\/wp-content\/uploads\/2014\/07\/IMG_2519.jpg\" class=\"attachment-thumbnail size-thumbnail\" alt=\"Drei Zinnen\" sizes=\"(min-width: 1200px) 350px, (min-width: 992px) 290px, (min-width: 768px) 210px, (min-width: 576px) 150px, calc( 50vw - 30px )\" data-attachment-id=\"3253\" data-permalink=\"https:\/\/www.zipf-net.de\/blog\/dolomiten-tour-2014-das-siebte-mal\/img_2519\/\" data-orig-file=\"https:\/\/www.zipf-net.de\/blog\/wp-content\/uploads\/2014\/07\/IMG_2519.jpg\" data-orig-size=\"\" data-comments-opened=\"1\" data-image-meta=\"[]\" data-image-title=\"Drei Zinnen\" data-image-description=\"\" data-image-caption=\"\" data-medium-file=\"https:\/\/www.zipf-net.de\/blog\/wp-content\/uploads\/2014\/07\/IMG_2519.jpg\" data-large-file=\"https:\/\/www.zipf-net.de\/blog\/wp-content\/uploads\/2014\/07\/IMG_2519.jpg\" tabindex=\"0\" role=\"button\" \/>\r\n                        <\/div><\/figure><figure class='gallery-item col col-auto'>\r\n                        <div class='gallery-icon  czr-gallery-icon'>\r\n                              <a data-lb-type=\"grouped-gallery\" href=https:\/\/www.zipf-net.de\/blog\/wp-content\/uploads\/2014\/07\/IMG_2555.jpg class=\"bg-link\"><\/a><img loading=\"lazy\" decoding=\"async\" width=\"1\" height=\"1\" src=\"https:\/\/www.zipf-net.de\/blog\/wp-content\/uploads\/2014\/07\/IMG_2555.jpg\" class=\"attachment-thumbnail size-thumbnail\" alt=\"Nigerpass Latemar\" sizes=\"(min-width: 1200px) 350px, (min-width: 992px) 290px, (min-width: 768px) 210px, (min-width: 576px) 150px, calc( 50vw - 30px )\" data-attachment-id=\"3261\" data-permalink=\"https:\/\/www.zipf-net.de\/blog\/dolomiten-tour-2014-das-siebte-mal\/img_2555\/\" data-orig-file=\"https:\/\/www.zipf-net.de\/blog\/wp-content\/uploads\/2014\/07\/IMG_2555.jpg\" data-orig-size=\"\" data-comments-opened=\"1\" data-image-meta=\"[]\" data-image-title=\"Nigerpass Latemar\" data-image-description=\"\" data-image-caption=\"\" data-medium-file=\"https:\/\/www.zipf-net.de\/blog\/wp-content\/uploads\/2014\/07\/IMG_2555.jpg\" data-large-file=\"https:\/\/www.zipf-net.de\/blog\/wp-content\/uploads\/2014\/07\/IMG_2555.jpg\" tabindex=\"0\" role=\"button\" \/>\r\n                        <\/div><\/figure><figure class='gallery-item col col-auto'>\r\n                        <div class='gallery-icon  czr-gallery-icon'>\r\n                              <a data-lb-type=\"grouped-gallery\" href=https:\/\/www.zipf-net.de\/blog\/wp-content\/uploads\/2014\/07\/IMG_2556.jpg class=\"bg-link\"><\/a><img loading=\"lazy\" decoding=\"async\" width=\"1\" height=\"1\" src=\"https:\/\/www.zipf-net.de\/blog\/wp-content\/uploads\/2014\/07\/IMG_2556.jpg\" class=\"attachment-thumbnail size-thumbnail\" alt=\"Rosengarten\" sizes=\"(min-width: 1200px) 350px, (min-width: 992px) 290px, (min-width: 768px) 210px, (min-width: 576px) 150px, calc( 50vw - 30px )\" data-attachment-id=\"3262\" data-permalink=\"https:\/\/www.zipf-net.de\/blog\/dolomiten-tour-2014-das-siebte-mal\/img_2556\/\" data-orig-file=\"https:\/\/www.zipf-net.de\/blog\/wp-content\/uploads\/2014\/07\/IMG_2556.jpg\" data-orig-size=\"\" data-comments-opened=\"1\" data-image-meta=\"[]\" data-image-title=\"Rosengarten\" data-image-description=\"\" data-image-caption=\"\" data-medium-file=\"https:\/\/www.zipf-net.de\/blog\/wp-content\/uploads\/2014\/07\/IMG_2556.jpg\" data-large-file=\"https:\/\/www.zipf-net.de\/blog\/wp-content\/uploads\/2014\/07\/IMG_2556.jpg\" tabindex=\"0\" role=\"button\" \/>\r\n                        <\/div><\/figure><figure class='gallery-item col col-auto'>\r\n                        <div class='gallery-icon  czr-gallery-icon'>\r\n                              <a data-lb-type=\"grouped-gallery\" href=https:\/\/www.zipf-net.de\/blog\/wp-content\/uploads\/2014\/07\/IMG_2561.jpg class=\"bg-link\"><\/a><img loading=\"lazy\" decoding=\"async\" width=\"1\" height=\"1\" src=\"https:\/\/www.zipf-net.de\/blog\/wp-content\/uploads\/2014\/07\/IMG_2561.jpg\" class=\"attachment-thumbnail size-thumbnail\" alt=\"GoPro\" sizes=\"(min-width: 1200px) 350px, (min-width: 992px) 290px, (min-width: 768px) 210px, (min-width: 576px) 150px, calc( 50vw - 30px )\" data-attachment-id=\"3263\" data-permalink=\"https:\/\/www.zipf-net.de\/blog\/dolomiten-tour-2014-das-siebte-mal\/img_2561\/\" data-orig-file=\"https:\/\/www.zipf-net.de\/blog\/wp-content\/uploads\/2014\/07\/IMG_2561.jpg\" data-orig-size=\"\" data-comments-opened=\"1\" data-image-meta=\"[]\" data-image-title=\"GoPro\" data-image-description=\"\" data-image-caption=\"\" data-medium-file=\"https:\/\/www.zipf-net.de\/blog\/wp-content\/uploads\/2014\/07\/IMG_2561.jpg\" data-large-file=\"https:\/\/www.zipf-net.de\/blog\/wp-content\/uploads\/2014\/07\/IMG_2561.jpg\" tabindex=\"0\" role=\"button\" \/>\r\n                        <\/div><\/figure><figure class='gallery-item col col-auto'>\r\n                        <div class='gallery-icon  czr-gallery-icon'>\r\n                              <a data-lb-type=\"grouped-gallery\" href=https:\/\/www.zipf-net.de\/blog\/wp-content\/uploads\/2014\/07\/IMG_2574.jpg class=\"bg-link\"><\/a><img loading=\"lazy\" decoding=\"async\" width=\"1\" height=\"1\" src=\"https:\/\/www.zipf-net.de\/blog\/wp-content\/uploads\/2014\/07\/IMG_2574.jpg\" class=\"attachment-thumbnail size-thumbnail\" alt=\"Hotel Obereggen mit Latemar Alpengl\u00c3\u00bchen\" sizes=\"(min-width: 1200px) 350px, (min-width: 992px) 290px, (min-width: 768px) 210px, (min-width: 576px) 150px, calc( 50vw - 30px )\" data-attachment-id=\"3264\" data-permalink=\"https:\/\/www.zipf-net.de\/blog\/dolomiten-tour-2014-das-siebte-mal\/img_2574\/\" data-orig-file=\"https:\/\/www.zipf-net.de\/blog\/wp-content\/uploads\/2014\/07\/IMG_2574.jpg\" data-orig-size=\"\" data-comments-opened=\"1\" data-image-meta=\"[]\" data-image-title=\"Hotel Obereggen mit Latemar Alpengl\u00fchen\" data-image-description=\"\" data-image-caption=\"\" data-medium-file=\"https:\/\/www.zipf-net.de\/blog\/wp-content\/uploads\/2014\/07\/IMG_2574.jpg\" data-large-file=\"https:\/\/www.zipf-net.de\/blog\/wp-content\/uploads\/2014\/07\/IMG_2574.jpg\" tabindex=\"0\" role=\"button\" \/>\r\n                        <\/div><\/figure><figure class='gallery-item col col-auto'>\r\n                        <div class='gallery-icon  czr-gallery-icon'>\r\n                              <a data-lb-type=\"grouped-gallery\" href=https:\/\/www.zipf-net.de\/blog\/wp-content\/uploads\/2014\/07\/IMG_2578.jpg class=\"bg-link\"><\/a><img loading=\"lazy\" decoding=\"async\" width=\"1\" height=\"1\" src=\"https:\/\/www.zipf-net.de\/blog\/wp-content\/uploads\/2014\/07\/IMG_2578.jpg\" class=\"attachment-thumbnail size-thumbnail\" alt=\"Kalterersee\" sizes=\"(min-width: 1200px) 350px, (min-width: 992px) 290px, (min-width: 768px) 210px, (min-width: 576px) 150px, calc( 50vw - 30px )\" data-attachment-id=\"3265\" data-permalink=\"https:\/\/www.zipf-net.de\/blog\/dolomiten-tour-2014-das-siebte-mal\/img_2578\/\" data-orig-file=\"https:\/\/www.zipf-net.de\/blog\/wp-content\/uploads\/2014\/07\/IMG_2578.jpg\" data-orig-size=\"\" data-comments-opened=\"1\" data-image-meta=\"[]\" data-image-title=\"Kalterersee\" data-image-description=\"\" data-image-caption=\"\" data-medium-file=\"https:\/\/www.zipf-net.de\/blog\/wp-content\/uploads\/2014\/07\/IMG_2578.jpg\" data-large-file=\"https:\/\/www.zipf-net.de\/blog\/wp-content\/uploads\/2014\/07\/IMG_2578.jpg\" tabindex=\"0\" role=\"button\" \/>\r\n                        <\/div><\/figure><figure class='gallery-item col col-auto'>\r\n                        <div class='gallery-icon  czr-gallery-icon'>\r\n                              <a data-lb-type=\"grouped-gallery\" href=https:\/\/www.zipf-net.de\/blog\/wp-content\/uploads\/2014\/07\/IMG_2582.jpg class=\"bg-link\"><\/a><img loading=\"lazy\" decoding=\"async\" width=\"1\" height=\"1\" src=\"https:\/\/www.zipf-net.de\/blog\/wp-content\/uploads\/2014\/07\/IMG_2582.jpg\" class=\"attachment-thumbnail size-thumbnail\" alt=\"Fedaia Pass mit Stausse und Marmolada\" sizes=\"(min-width: 1200px) 350px, (min-width: 992px) 290px, (min-width: 768px) 210px, (min-width: 576px) 150px, calc( 50vw - 30px )\" data-attachment-id=\"3266\" data-permalink=\"https:\/\/www.zipf-net.de\/blog\/dolomiten-tour-2014-das-siebte-mal\/img_2582\/\" data-orig-file=\"https:\/\/www.zipf-net.de\/blog\/wp-content\/uploads\/2014\/07\/IMG_2582.jpg\" data-orig-size=\"\" data-comments-opened=\"1\" data-image-meta=\"[]\" data-image-title=\"Fedaia Pass mit Stausse und Marmolada\" data-image-description=\"\" data-image-caption=\"\" data-medium-file=\"https:\/\/www.zipf-net.de\/blog\/wp-content\/uploads\/2014\/07\/IMG_2582.jpg\" data-large-file=\"https:\/\/www.zipf-net.de\/blog\/wp-content\/uploads\/2014\/07\/IMG_2582.jpg\" tabindex=\"0\" role=\"button\" \/>\r\n                        <\/div><\/figure><figure class='gallery-item col col-auto'>\r\n                        <div class='gallery-icon  czr-gallery-icon'>\r\n                              <a data-lb-type=\"grouped-gallery\" href=https:\/\/www.zipf-net.de\/blog\/wp-content\/uploads\/2014\/07\/IMG_2584.jpg class=\"bg-link\"><\/a><img loading=\"lazy\" decoding=\"async\" width=\"1\" height=\"1\" src=\"https:\/\/www.zipf-net.de\/blog\/wp-content\/uploads\/2014\/07\/IMG_2584.jpg\" class=\"attachment-thumbnail size-thumbnail\" alt=\"Rolle Pass\" sizes=\"(min-width: 1200px) 350px, (min-width: 992px) 290px, (min-width: 768px) 210px, (min-width: 576px) 150px, calc( 50vw - 30px )\" data-attachment-id=\"3267\" data-permalink=\"https:\/\/www.zipf-net.de\/blog\/dolomiten-tour-2014-das-siebte-mal\/img_2584\/\" data-orig-file=\"https:\/\/www.zipf-net.de\/blog\/wp-content\/uploads\/2014\/07\/IMG_2584.jpg\" data-orig-size=\"\" data-comments-opened=\"1\" data-image-meta=\"[]\" data-image-title=\"Rolle Pass\" data-image-description=\"\" data-image-caption=\"\" data-medium-file=\"https:\/\/www.zipf-net.de\/blog\/wp-content\/uploads\/2014\/07\/IMG_2584.jpg\" data-large-file=\"https:\/\/www.zipf-net.de\/blog\/wp-content\/uploads\/2014\/07\/IMG_2584.jpg\" tabindex=\"0\" role=\"button\" \/>\r\n                        <\/div><\/figure><figure class='gallery-item col col-auto'>\r\n                        <div class='gallery-icon  czr-gallery-icon'>\r\n                              <a data-lb-type=\"grouped-gallery\" href=https:\/\/www.zipf-net.de\/blog\/wp-content\/uploads\/2014\/07\/IMG_2585.jpg class=\"bg-link\"><\/a><img loading=\"lazy\" decoding=\"async\" width=\"1\" height=\"1\" src=\"https:\/\/www.zipf-net.de\/blog\/wp-content\/uploads\/2014\/07\/IMG_2585.jpg\" class=\"attachment-thumbnail size-thumbnail\" alt=\"Karersee mit Latemar\" sizes=\"(min-width: 1200px) 350px, (min-width: 992px) 290px, (min-width: 768px) 210px, (min-width: 576px) 150px, calc( 50vw - 30px )\" data-attachment-id=\"3268\" data-permalink=\"https:\/\/www.zipf-net.de\/blog\/dolomiten-tour-2014-das-siebte-mal\/img_2585\/\" data-orig-file=\"https:\/\/www.zipf-net.de\/blog\/wp-content\/uploads\/2014\/07\/IMG_2585.jpg\" data-orig-size=\"\" data-comments-opened=\"1\" data-image-meta=\"[]\" data-image-title=\"Karersee mit Latemar\" data-image-description=\"\" data-image-caption=\"\" data-medium-file=\"https:\/\/www.zipf-net.de\/blog\/wp-content\/uploads\/2014\/07\/IMG_2585.jpg\" data-large-file=\"https:\/\/www.zipf-net.de\/blog\/wp-content\/uploads\/2014\/07\/IMG_2585.jpg\" tabindex=\"0\" role=\"button\" \/>\r\n                        <\/div><\/figure>\r\n                  <\/div>\n\n","protected":false},"excerpt":{"rendered":"<p>Immer wieder sch\u00f6n Das verflixte siebte Jahr, davon konnte ich nichts feststellen, evtl. weil ich zwischendurch mal zwei Jahre pausiert habe. Ja, sieben Mal war ich jetzt mit dem Motorrad in den Dolomiten und immer am gleichen Ort und im gleichen Hotel in Obereggen. Fr\u00fcher konnte ich nur mit dem Kopf sch\u00fctteln wenn jemand erz\u00e4hlt [&hellip;]<\/p>\n","protected":false},"author":1,"featured_media":0,"comment_status":"open","ping_status":"open","sticky":false,"template":"","format":"standard","meta":{"jetpack_post_was_ever_published":false,"_jetpack_newsletter_access":"","_jetpack_dont_email_post_to_subs":false,"_jetpack_newsletter_tier_id":0,"_jetpack_memberships_contains_paywalled_content":false,"footnotes":"","_jetpack_memberships_contains_paid_content":false,"jetpack_publicize_message":"","jetpack_publicize_feature_enabled":true,"jetpack_social_post_already_shared":true,"jetpack_social_options":{"image_generator_settings":{"template":"highway","enabled":false},"version":2}},"categories":[152],"tags":[43,18,162,19,22,159,20,24,68,160,12],"jetpack_publicize_connections":[],"yoast_head":"<!-- This site is optimized with the Yoast SEO plugin v23.5 - https:\/\/yoast.com\/wordpress\/plugins\/seo\/ -->\n<title>Dolomiten-Tour 2014 - das siebte Mal | Zipflog.de<\/title>\n<meta name=\"robots\" content=\"index, follow, max-snippet:-1, max-image-preview:large, max-video-preview:-1\" \/>\n<link rel=\"canonical\" href=\"https:\/\/www.zipf-net.de\/blog\/dolomiten-tour-2014-das-siebte-mal\/\" \/>\n<meta property=\"og:locale\" content=\"de_DE\" \/>\n<meta property=\"og:type\" content=\"article\" \/>\n<meta property=\"og:title\" content=\"Dolomiten-Tour 2014 - das siebte Mal | Zipflog.de\" \/>\n<meta property=\"og:description\" content=\"Immer wieder sch\u00f6n Das verflixte siebte Jahr, davon konnte ich nichts feststellen, evtl. weil ich zwischendurch mal zwei Jahre pausiert habe. Ja, sieben Mal war ich jetzt mit dem Motorrad in den Dolomiten und immer am gleichen Ort und im gleichen Hotel in Obereggen. Fr\u00fcher konnte ich nur mit dem Kopf sch\u00fctteln wenn jemand erz\u00e4hlt [&hellip;]\" \/>\n<meta property=\"og:url\" content=\"https:\/\/www.zipf-net.de\/blog\/dolomiten-tour-2014-das-siebte-mal\/\" \/>\n<meta property=\"og:site_name\" content=\"Zipflog.de\" \/>\n<meta property=\"article:publisher\" content=\"https:\/\/www.facebook.com\/joergzipf\" \/>\n<meta property=\"article:author\" content=\"https:\/\/www.facebook.com\/joergzipf\" \/>\n<meta property=\"article:published_time\" content=\"2014-07-13T00:14:45+00:00\" \/>\n<meta property=\"article:modified_time\" content=\"2014-07-13T00:49:35+00:00\" \/>\n<meta property=\"og:image\" content=\"https:\/\/www.zipf-net.de\/blog\/wp-content\/uploads\/2014\/07\/IMG_2507-250x250.jpg\" \/>\n<meta name=\"author\" content=\"J\u00f6rg Zipf\" \/>\n<script type=\"application\/ld+json\" class=\"yoast-schema-graph\">{\"@context\":\"https:\/\/schema.org\",\"@graph\":[{\"@type\":\"Article\",\"@id\":\"https:\/\/www.zipf-net.de\/blog\/dolomiten-tour-2014-das-siebte-mal\/#article\",\"isPartOf\":{\"@id\":\"https:\/\/www.zipf-net.de\/blog\/dolomiten-tour-2014-das-siebte-mal\/\"},\"author\":{\"name\":\"J\u00f6rg Zipf\",\"@id\":\"https:\/\/www.zipf-net.de\/blog\/#\/schema\/person\/8659e2042d3d6841e04f59a54f0d0210\"},\"headline\":\"Dolomiten-Tour 2014 &#8211; das siebte Mal\",\"datePublished\":\"2014-07-13T00:14:45+00:00\",\"dateModified\":\"2014-07-13T00:49:35+00:00\",\"mainEntityOfPage\":{\"@id\":\"https:\/\/www.zipf-net.de\/blog\/dolomiten-tour-2014-das-siebte-mal\/\"},\"wordCount\":339,\"commentCount\":1,\"publisher\":{\"@id\":\"https:\/\/www.zipf-net.de\/blog\/#\/schema\/person\/8659e2042d3d6841e04f59a54f0d0210\"},\"keywords\":[\"Alpen\",\"Dolomiten\",\"Foto\",\"Hotel\",\"Kehren\",\"Motorrad\",\"Obereggen\",\"P\u00e4sse\",\"Sellarunde\",\"Touren\",\"VFR\"],\"articleSection\":[\"Dolomiten 2014\"],\"inLanguage\":\"de\",\"potentialAction\":[{\"@type\":\"CommentAction\",\"name\":\"Comment\",\"target\":[\"https:\/\/www.zipf-net.de\/blog\/dolomiten-tour-2014-das-siebte-mal\/#respond\"]}]},{\"@type\":\"WebPage\",\"@id\":\"https:\/\/www.zipf-net.de\/blog\/dolomiten-tour-2014-das-siebte-mal\/\",\"url\":\"https:\/\/www.zipf-net.de\/blog\/dolomiten-tour-2014-das-siebte-mal\/\",\"name\":\"Dolomiten-Tour 2014 - das siebte Mal | Zipflog.de\",\"isPartOf\":{\"@id\":\"https:\/\/www.zipf-net.de\/blog\/#website\"},\"datePublished\":\"2014-07-13T00:14:45+00:00\",\"dateModified\":\"2014-07-13T00:49:35+00:00\",\"breadcrumb\":{\"@id\":\"https:\/\/www.zipf-net.de\/blog\/dolomiten-tour-2014-das-siebte-mal\/#breadcrumb\"},\"inLanguage\":\"de\",\"potentialAction\":[{\"@type\":\"ReadAction\",\"target\":[\"https:\/\/www.zipf-net.de\/blog\/dolomiten-tour-2014-das-siebte-mal\/\"]}]},{\"@type\":\"BreadcrumbList\",\"@id\":\"https:\/\/www.zipf-net.de\/blog\/dolomiten-tour-2014-das-siebte-mal\/#breadcrumb\",\"itemListElement\":[{\"@type\":\"ListItem\",\"position\":1,\"name\":\"Startseite\",\"item\":\"https:\/\/www.zipf-net.de\/blog\/\"},{\"@type\":\"ListItem\",\"position\":2,\"name\":\"Dolomiten-Tour 2014 &#8211; das siebte Mal\"}]},{\"@type\":\"WebSite\",\"@id\":\"https:\/\/www.zipf-net.de\/blog\/#website\",\"url\":\"https:\/\/www.zipf-net.de\/blog\/\",\"name\":\"Zipflog.de\",\"description\":\"Fotografie, Motorrad, Musik und mehr...\",\"publisher\":{\"@id\":\"https:\/\/www.zipf-net.de\/blog\/#\/schema\/person\/8659e2042d3d6841e04f59a54f0d0210\"},\"potentialAction\":[{\"@type\":\"SearchAction\",\"target\":{\"@type\":\"EntryPoint\",\"urlTemplate\":\"https:\/\/www.zipf-net.de\/blog\/?s={search_term_string}\"},\"query-input\":{\"@type\":\"PropertyValueSpecification\",\"valueRequired\":true,\"valueName\":\"search_term_string\"}}],\"inLanguage\":\"de\"},{\"@type\":[\"Person\",\"Organization\"],\"@id\":\"https:\/\/www.zipf-net.de\/blog\/#\/schema\/person\/8659e2042d3d6841e04f59a54f0d0210\",\"name\":\"J\u00f6rg Zipf\",\"image\":{\"@type\":\"ImageObject\",\"inLanguage\":\"de\",\"@id\":\"https:\/\/www.zipf-net.de\/blog\/#\/schema\/person\/image\/\",\"url\":\"https:\/\/secure.gravatar.com\/avatar\/123722e5c65aae60af100c7b03a5352a?s=96&d=mm&r=g\",\"contentUrl\":\"https:\/\/secure.gravatar.com\/avatar\/123722e5c65aae60af100c7b03a5352a?s=96&d=mm&r=g\",\"caption\":\"J\u00f6rg Zipf\"},\"logo\":{\"@id\":\"https:\/\/www.zipf-net.de\/blog\/#\/schema\/person\/image\/\"},\"sameAs\":[\"http:\/\/joerg.zipf-net.de\",\"https:\/\/www.facebook.com\/joergzipf\"],\"url\":\"https:\/\/www.zipf-net.de\/blog\/author\/admin\/\"}]}<\/script>\n<!-- \/ Yoast SEO plugin. -->","yoast_head_json":{"title":"Dolomiten-Tour 2014 - das siebte Mal | Zipflog.de","robots":{"index":"index","follow":"follow","max-snippet":"max-snippet:-1","max-image-preview":"max-image-preview:large","max-video-preview":"max-video-preview:-1"},"canonical":"https:\/\/www.zipf-net.de\/blog\/dolomiten-tour-2014-das-siebte-mal\/","og_locale":"de_DE","og_type":"article","og_title":"Dolomiten-Tour 2014 - das siebte Mal | Zipflog.de","og_description":"Immer wieder sch\u00f6n Das verflixte siebte Jahr, davon konnte ich nichts feststellen, evtl. weil ich zwischendurch mal zwei Jahre pausiert habe. Ja, sieben Mal war ich jetzt mit dem Motorrad in den Dolomiten und immer am gleichen Ort und im gleichen Hotel in Obereggen. Fr\u00fcher konnte ich nur mit dem Kopf sch\u00fctteln wenn jemand erz\u00e4hlt [&hellip;]","og_url":"https:\/\/www.zipf-net.de\/blog\/dolomiten-tour-2014-das-siebte-mal\/","og_site_name":"Zipflog.de","article_publisher":"https:\/\/www.facebook.com\/joergzipf","article_author":"https:\/\/www.facebook.com\/joergzipf","article_published_time":"2014-07-13T00:14:45+00:00","article_modified_time":"2014-07-13T00:49:35+00:00","og_image":[{"url":"https:\/\/www.zipf-net.de\/blog\/wp-content\/uploads\/2014\/07\/IMG_2507-250x250.jpg"}],"author":"J\u00f6rg Zipf","schema":{"@context":"https:\/\/schema.org","@graph":[{"@type":"Article","@id":"https:\/\/www.zipf-net.de\/blog\/dolomiten-tour-2014-das-siebte-mal\/#article","isPartOf":{"@id":"https:\/\/www.zipf-net.de\/blog\/dolomiten-tour-2014-das-siebte-mal\/"},"author":{"name":"J\u00f6rg Zipf","@id":"https:\/\/www.zipf-net.de\/blog\/#\/schema\/person\/8659e2042d3d6841e04f59a54f0d0210"},"headline":"Dolomiten-Tour 2014 &#8211; das siebte Mal","datePublished":"2014-07-13T00:14:45+00:00","dateModified":"2014-07-13T00:49:35+00:00","mainEntityOfPage":{"@id":"https:\/\/www.zipf-net.de\/blog\/dolomiten-tour-2014-das-siebte-mal\/"},"wordCount":339,"commentCount":1,"publisher":{"@id":"https:\/\/www.zipf-net.de\/blog\/#\/schema\/person\/8659e2042d3d6841e04f59a54f0d0210"},"keywords":["Alpen","Dolomiten","Foto","Hotel","Kehren","Motorrad","Obereggen","P\u00e4sse","Sellarunde","Touren","VFR"],"articleSection":["Dolomiten 2014"],"inLanguage":"de","potentialAction":[{"@type":"CommentAction","name":"Comment","target":["https:\/\/www.zipf-net.de\/blog\/dolomiten-tour-2014-das-siebte-mal\/#respond"]}]},{"@type":"WebPage","@id":"https:\/\/www.zipf-net.de\/blog\/dolomiten-tour-2014-das-siebte-mal\/","url":"https:\/\/www.zipf-net.de\/blog\/dolomiten-tour-2014-das-siebte-mal\/","name":"Dolomiten-Tour 2014 - das siebte Mal | Zipflog.de","isPartOf":{"@id":"https:\/\/www.zipf-net.de\/blog\/#website"},"datePublished":"2014-07-13T00:14:45+00:00","dateModified":"2014-07-13T00:49:35+00:00","breadcrumb":{"@id":"https:\/\/www.zipf-net.de\/blog\/dolomiten-tour-2014-das-siebte-mal\/#breadcrumb"},"inLanguage":"de","potentialAction":[{"@type":"ReadAction","target":["https:\/\/www.zipf-net.de\/blog\/dolomiten-tour-2014-das-siebte-mal\/"]}]},{"@type":"BreadcrumbList","@id":"https:\/\/www.zipf-net.de\/blog\/dolomiten-tour-2014-das-siebte-mal\/#breadcrumb","itemListElement":[{"@type":"ListItem","position":1,"name":"Startseite","item":"https:\/\/www.zipf-net.de\/blog\/"},{"@type":"ListItem","position":2,"name":"Dolomiten-Tour 2014 &#8211; das siebte Mal"}]},{"@type":"WebSite","@id":"https:\/\/www.zipf-net.de\/blog\/#website","url":"https:\/\/www.zipf-net.de\/blog\/","name":"Zipflog.de","description":"Fotografie, Motorrad, Musik und mehr...","publisher":{"@id":"https:\/\/www.zipf-net.de\/blog\/#\/schema\/person\/8659e2042d3d6841e04f59a54f0d0210"},"potentialAction":[{"@type":"SearchAction","target":{"@type":"EntryPoint","urlTemplate":"https:\/\/www.zipf-net.de\/blog\/?s={search_term_string}"},"query-input":{"@type":"PropertyValueSpecification","valueRequired":true,"valueName":"search_term_string"}}],"inLanguage":"de"},{"@type":["Person","Organization"],"@id":"https:\/\/www.zipf-net.de\/blog\/#\/schema\/person\/8659e2042d3d6841e04f59a54f0d0210","name":"J\u00f6rg Zipf","image":{"@type":"ImageObject","inLanguage":"de","@id":"https:\/\/www.zipf-net.de\/blog\/#\/schema\/person\/image\/","url":"https:\/\/secure.gravatar.com\/avatar\/123722e5c65aae60af100c7b03a5352a?s=96&d=mm&r=g","contentUrl":"https:\/\/secure.gravatar.com\/avatar\/123722e5c65aae60af100c7b03a5352a?s=96&d=mm&r=g","caption":"J\u00f6rg Zipf"},"logo":{"@id":"https:\/\/www.zipf-net.de\/blog\/#\/schema\/person\/image\/"},"sameAs":["http:\/\/joerg.zipf-net.de","https:\/\/www.facebook.com\/joergzipf"],"url":"https:\/\/www.zipf-net.de\/blog\/author\/admin\/"}]}},"jetpack_featured_media_url":"","jetpack_shortlink":"https:\/\/wp.me\/p1euvz-Qq","jetpack_sharing_enabled":true,"jetpack-related-posts":[],"_links":{"self":[{"href":"https:\/\/www.zipf-net.de\/blog\/wp-json\/wp\/v2\/posts\/3250"}],"collection":[{"href":"https:\/\/www.zipf-net.de\/blog\/wp-json\/wp\/v2\/posts"}],"about":[{"href":"https:\/\/www.zipf-net.de\/blog\/wp-json\/wp\/v2\/types\/post"}],"author":[{"embeddable":true,"href":"https:\/\/www.zipf-net.de\/blog\/wp-json\/wp\/v2\/users\/1"}],"replies":[{"embeddable":true,"href":"https:\/\/www.zipf-net.de\/blog\/wp-json\/wp\/v2\/comments?post=3250"}],"version-history":[{"count":9,"href":"https:\/\/www.zipf-net.de\/blog\/wp-json\/wp\/v2\/posts\/3250\/revisions"}],"predecessor-version":[{"id":3277,"href":"https:\/\/www.zipf-net.de\/blog\/wp-json\/wp\/v2\/posts\/3250\/revisions\/3277"}],"wp:attachment":[{"href":"https:\/\/www.zipf-net.de\/blog\/wp-json\/wp\/v2\/media?parent=3250"}],"wp:term":[{"taxonomy":"category","embeddable":true,"href":"https:\/\/www.zipf-net.de\/blog\/wp-json\/wp\/v2\/categories?post=3250"},{"taxonomy":"post_tag","embeddable":true,"href":"https:\/\/www.zipf-net.de\/blog\/wp-json\/wp\/v2\/tags?post=3250"}],"curies":[{"name":"wp","href":"https:\/\/api.w.org\/{rel}","templated":true}]}}