{"id":37,"date":"2007-07-18T23:45:16","date_gmt":"2007-07-18T21:45:16","guid":{"rendered":"http:\/\/zipf-net.de\/blog\/index.php\/archives\/37\/dritter-tag-kurz-tour\/"},"modified":"2008-04-19T13:58:50","modified_gmt":"2008-04-19T12:58:50","slug":"dritter-tag-kurz-tour","status":"publish","type":"post","link":"https:\/\/www.zipf-net.de\/blog\/dritter-tag-kurz-tour\/","title":{"rendered":"Dritter Tag-> Kurztour"},"content":{"rendered":"<p class=\"MsoNormal\">Heute haben wir einen \u00e2\u20ac\u017eGem\u00fctlichen\u00e2\u20ac\u0153 gemacht. Wir haben nur eine Kurztour gefahren (160 km) und danach waren wir mit dem Auto noch in Bozen. Die Tour f\u00fchrte uns von unserem Hotel in Obereggen \u00fcber den Karersee auf den Nigerpass. Von dort ging es dann hinunter in das sch\u00f6ne Eisacktal. Vor Bozen fuhren wir ab auf unsere \u00e2\u20ac\u017eHausstrecke\u00e2\u20ac\u0153, in das Eggental. Da wir noch nicht in Deutschnofen waren, und Rocco (ein echter kroatischer S\u00fcdtiroler und wie gestern schon beschreiben, der bester Barmann) uns gesagt hat, dass man von dort aus den besten Ausblick auf den Schlern, den Rosengarten und die Latemargruppe hat, mussten wir nat\u00fcrlich dort hin. Danach machten wir einen Abstecher zum Kloster Weissenstein. Danach f\u00fchrte uns unsere Tour hinab nach Cavalese und dann hinauf auf das Lavaze Joch. Hier machten wir noch einen kurzen Abstecher auf das Grimm Joch. O-Ton Christoph: Das war nix. Dann haben wir noch zwei sch\u00f6ne kleine Filme auf der Strecke zu unserem Hotel gemacht.<br \/>\nWie oben schon beschrieben waren wir dann noch mit dem Auto in Bozen (40\u00c2\u00b0C). Eine sehr sch\u00f6ne Stadt mit vielen kleinen L\u00e4den und sehr gutem Eis. Danach waren wir noch in der Sauna ausspannen. Christoph und ich sind glatt im Ruheraum eingeschlafen.<br \/>\nHeute war Gala-Dinner im Hotel angesagt. Dazu morgen mehr. Heute schon mal ein Bild von der Hotel-Chefin und Rocco (siehe unten).<\/p>\n<p class=\"MsoNormal\">Nat\u00fcrlich durfte auch heute das obligatorische Weizenbier nach der Tour nicht fehlen.<\/p>\n<p class=\"MsoNormal\"><a href=\"http:\/\/zipf-net.de\/blog\/index.php\/archives\/37\/dritter-tag-kurz-tour\/mopeten\/\" title=\"Mopeten\" class=\"imagelink\" rel=\"attachment\" id=\"p35\"><img decoding=\"async\" src=\"http:\/\/zipf-net.de\/blog\/wp-content\/uploads\/2007\/07\/Mopeten2Vorschaubild.jpg\" alt=\"Mopeten\" id=\"image35\" \/> <\/a><a href=\"http:\/\/zipf-net.de\/blog\/index.php\/archives\/37\/dritter-tag-kurz-tour\/ghostrider\/\" title=\"Ghostrider\" class=\"imagelink\" rel=\"attachment\" id=\"p33\"><img decoding=\"async\" src=\"http:\/\/zipf-net.de\/blog\/wp-content\/uploads\/2007\/07\/GhostriderVorschaubild.jpg\" alt=\"Ghostrider\" id=\"image33\" \/> <\/a><a href=\"http:\/\/zipf-net.de\/blog\/index.php\/archives\/37\/dritter-tag-kurz-tour\/keine-macht-den-drogen\/\" title=\"Keine Macht den Drogen\" class=\"imagelink\" rel=\"attachment\" id=\"p34\"><img decoding=\"async\" src=\"http:\/\/zipf-net.de\/blog\/wp-content\/uploads\/2007\/07\/DrogenVorschaubild.jpg\" alt=\"Keine Macht den Drogen\" id=\"image34\" \/> <\/a><a href=\"http:\/\/zipf-net.de\/blog\/index.php\/archives\/37\/dritter-tag-kurz-tour\/bozen\/\" title=\"Bozen\" class=\"imagelink\" rel=\"attachment\" id=\"p32\"><img decoding=\"async\" src=\"http:\/\/zipf-net.de\/blog\/wp-content\/uploads\/2007\/07\/bozenVorschaubild.jpg\" alt=\"Bozen\" id=\"image32\" \/> <\/a><a href=\"http:\/\/zipf-net.de\/blog\/index.php\/archives\/37\/dritter-tag-kurz-tour\/rocco\/\" title=\"Rocco\" class=\"imagelink\" rel=\"attachment\" id=\"p36\"> <\/a><a href=\"http:\/\/zipf-net.de\/blog\/index.php\/archives\/37\/dritter-tag-kurz-tour\/chefin-martina-und-rocco\/\" id=\"p38\" rel=\"attachment\" class=\"imagelink\" title=\"Chefin Martina und Rocco\"><img decoding=\"async\" src=\"http:\/\/zipf-net.de\/blog\/wp-content\/uploads\/2007\/07\/ChefinVorschaubild.jpg\" id=\"image38\" alt=\"Chefin Martina und Rocco\" \/><\/a><\/p>\n","protected":false},"excerpt":{"rendered":"<p>Heute haben wir einen \u00e2\u20ac\u017eGem\u00fctlichen\u00e2\u20ac\u0153 gemacht. Wir haben nur eine Kurztour gefahren (160 km) und danach waren wir mit dem Auto noch in Bozen. Die Tour f\u00fchrte uns von unserem Hotel in Obereggen \u00fcber den Karersee auf den Nigerpass. Von dort ging es dann hinunter in das sch\u00f6ne Eisacktal. Vor Bozen fuhren wir ab auf [&hellip;]<\/p>\n","protected":false},"author":1,"featured_media":0,"comment_status":"open","ping_status":"open","sticky":false,"template":"","format":"standard","meta":{"jetpack_post_was_ever_published":false,"_jetpack_newsletter_access":"","_jetpack_dont_email_post_to_subs":false,"_jetpack_newsletter_tier_id":0,"_jetpack_memberships_contains_paywalled_content":false,"footnotes":"","_jetpack_memberships_contains_paid_content":false,"jetpack_publicize_message":"","jetpack_publicize_feature_enabled":true,"jetpack_social_post_already_shared":false,"jetpack_social_options":{"image_generator_settings":{"template":"highway","enabled":false},"version":2}},"categories":[17,3],"tags":[18,159,20,160],"jetpack_publicize_connections":[],"yoast_head":"<!-- This site is optimized with the Yoast SEO plugin v23.5 - https:\/\/yoast.com\/wordpress\/plugins\/seo\/ -->\n<title>Dritter Tag-&gt; Kurztour | Zipflog.de<\/title>\n<meta name=\"robots\" content=\"index, follow, max-snippet:-1, max-image-preview:large, max-video-preview:-1\" \/>\n<link rel=\"canonical\" href=\"https:\/\/www.zipf-net.de\/blog\/dritter-tag-kurz-tour\/\" \/>\n<meta property=\"og:locale\" content=\"de_DE\" \/>\n<meta property=\"og:type\" content=\"article\" \/>\n<meta property=\"og:title\" content=\"Dritter Tag-&gt; Kurztour | Zipflog.de\" \/>\n<meta property=\"og:description\" content=\"Heute haben wir einen \u00e2\u20ac\u017eGem\u00fctlichen\u00e2\u20ac\u0153 gemacht. Wir haben nur eine Kurztour gefahren (160 km) und danach waren wir mit dem Auto noch in Bozen. Die Tour f\u00fchrte uns von unserem Hotel in Obereggen \u00fcber den Karersee auf den Nigerpass. Von dort ging es dann hinunter in das sch\u00f6ne Eisacktal. Vor Bozen fuhren wir ab auf [&hellip;]\" \/>\n<meta property=\"og:url\" content=\"https:\/\/www.zipf-net.de\/blog\/dritter-tag-kurz-tour\/\" \/>\n<meta property=\"og:site_name\" content=\"Zipflog.de\" \/>\n<meta property=\"article:publisher\" content=\"https:\/\/www.facebook.com\/joergzipf\" \/>\n<meta property=\"article:author\" content=\"https:\/\/www.facebook.com\/joergzipf\" \/>\n<meta property=\"article:published_time\" content=\"2007-07-18T21:45:16+00:00\" \/>\n<meta property=\"article:modified_time\" content=\"2008-04-19T12:58:50+00:00\" \/>\n<meta property=\"og:image\" content=\"http:\/\/zipf-net.de\/blog\/wp-content\/uploads\/2007\/07\/Mopeten2Vorschaubild.jpg\" \/>\n<meta name=\"author\" content=\"J\u00f6rg Zipf\" \/>\n<script type=\"application\/ld+json\" class=\"yoast-schema-graph\">{\"@context\":\"https:\/\/schema.org\",\"@graph\":[{\"@type\":\"Article\",\"@id\":\"https:\/\/www.zipf-net.de\/blog\/dritter-tag-kurz-tour\/#article\",\"isPartOf\":{\"@id\":\"https:\/\/www.zipf-net.de\/blog\/dritter-tag-kurz-tour\/\"},\"author\":{\"name\":\"J\u00f6rg Zipf\",\"@id\":\"https:\/\/www.zipf-net.de\/blog\/#\/schema\/person\/8659e2042d3d6841e04f59a54f0d0210\"},\"headline\":\"Dritter Tag-> Kurztour\",\"datePublished\":\"2007-07-18T21:45:16+00:00\",\"dateModified\":\"2008-04-19T12:58:50+00:00\",\"mainEntityOfPage\":{\"@id\":\"https:\/\/www.zipf-net.de\/blog\/dritter-tag-kurz-tour\/\"},\"wordCount\":247,\"commentCount\":1,\"publisher\":{\"@id\":\"https:\/\/www.zipf-net.de\/blog\/#\/schema\/person\/8659e2042d3d6841e04f59a54f0d0210\"},\"image\":{\"@id\":\"https:\/\/www.zipf-net.de\/blog\/dritter-tag-kurz-tour\/#primaryimage\"},\"thumbnailUrl\":\"http:\/\/zipf-net.de\/blog\/wp-content\/uploads\/2007\/07\/Mopeten2Vorschaubild.jpg\",\"keywords\":[\"Dolomiten\",\"Motorrad\",\"Obereggen\",\"Touren\"],\"articleSection\":[\"Dolomiten 2007\",\"Touren\"],\"inLanguage\":\"de\",\"potentialAction\":[{\"@type\":\"CommentAction\",\"name\":\"Comment\",\"target\":[\"https:\/\/www.zipf-net.de\/blog\/dritter-tag-kurz-tour\/#respond\"]}]},{\"@type\":\"WebPage\",\"@id\":\"https:\/\/www.zipf-net.de\/blog\/dritter-tag-kurz-tour\/\",\"url\":\"https:\/\/www.zipf-net.de\/blog\/dritter-tag-kurz-tour\/\",\"name\":\"Dritter Tag-> Kurztour | Zipflog.de\",\"isPartOf\":{\"@id\":\"https:\/\/www.zipf-net.de\/blog\/#website\"},\"primaryImageOfPage\":{\"@id\":\"https:\/\/www.zipf-net.de\/blog\/dritter-tag-kurz-tour\/#primaryimage\"},\"image\":{\"@id\":\"https:\/\/www.zipf-net.de\/blog\/dritter-tag-kurz-tour\/#primaryimage\"},\"thumbnailUrl\":\"http:\/\/zipf-net.de\/blog\/wp-content\/uploads\/2007\/07\/Mopeten2Vorschaubild.jpg\",\"datePublished\":\"2007-07-18T21:45:16+00:00\",\"dateModified\":\"2008-04-19T12:58:50+00:00\",\"breadcrumb\":{\"@id\":\"https:\/\/www.zipf-net.de\/blog\/dritter-tag-kurz-tour\/#breadcrumb\"},\"inLanguage\":\"de\",\"potentialAction\":[{\"@type\":\"ReadAction\",\"target\":[\"https:\/\/www.zipf-net.de\/blog\/dritter-tag-kurz-tour\/\"]}]},{\"@type\":\"ImageObject\",\"inLanguage\":\"de\",\"@id\":\"https:\/\/www.zipf-net.de\/blog\/dritter-tag-kurz-tour\/#primaryimage\",\"url\":\"http:\/\/zipf-net.de\/blog\/wp-content\/uploads\/2007\/07\/Mopeten2Vorschaubild.jpg\",\"contentUrl\":\"http:\/\/zipf-net.de\/blog\/wp-content\/uploads\/2007\/07\/Mopeten2Vorschaubild.jpg\"},{\"@type\":\"BreadcrumbList\",\"@id\":\"https:\/\/www.zipf-net.de\/blog\/dritter-tag-kurz-tour\/#breadcrumb\",\"itemListElement\":[{\"@type\":\"ListItem\",\"position\":1,\"name\":\"Startseite\",\"item\":\"https:\/\/www.zipf-net.de\/blog\/\"},{\"@type\":\"ListItem\",\"position\":2,\"name\":\"Dritter Tag-> Kurztour\"}]},{\"@type\":\"WebSite\",\"@id\":\"https:\/\/www.zipf-net.de\/blog\/#website\",\"url\":\"https:\/\/www.zipf-net.de\/blog\/\",\"name\":\"Zipflog.de\",\"description\":\"Fotografie, Motorrad, Musik und mehr...\",\"publisher\":{\"@id\":\"https:\/\/www.zipf-net.de\/blog\/#\/schema\/person\/8659e2042d3d6841e04f59a54f0d0210\"},\"potentialAction\":[{\"@type\":\"SearchAction\",\"target\":{\"@type\":\"EntryPoint\",\"urlTemplate\":\"https:\/\/www.zipf-net.de\/blog\/?s={search_term_string}\"},\"query-input\":{\"@type\":\"PropertyValueSpecification\",\"valueRequired\":true,\"valueName\":\"search_term_string\"}}],\"inLanguage\":\"de\"},{\"@type\":[\"Person\",\"Organization\"],\"@id\":\"https:\/\/www.zipf-net.de\/blog\/#\/schema\/person\/8659e2042d3d6841e04f59a54f0d0210\",\"name\":\"J\u00f6rg Zipf\",\"image\":{\"@type\":\"ImageObject\",\"inLanguage\":\"de\",\"@id\":\"https:\/\/www.zipf-net.de\/blog\/#\/schema\/person\/image\/\",\"url\":\"https:\/\/secure.gravatar.com\/avatar\/123722e5c65aae60af100c7b03a5352a?s=96&d=mm&r=g\",\"contentUrl\":\"https:\/\/secure.gravatar.com\/avatar\/123722e5c65aae60af100c7b03a5352a?s=96&d=mm&r=g\",\"caption\":\"J\u00f6rg Zipf\"},\"logo\":{\"@id\":\"https:\/\/www.zipf-net.de\/blog\/#\/schema\/person\/image\/\"},\"sameAs\":[\"http:\/\/joerg.zipf-net.de\",\"https:\/\/www.facebook.com\/joergzipf\"],\"url\":\"https:\/\/www.zipf-net.de\/blog\/author\/admin\/\"}]}<\/script>\n<!-- \/ Yoast SEO plugin. -->","yoast_head_json":{"title":"Dritter Tag-> Kurztour | Zipflog.de","robots":{"index":"index","follow":"follow","max-snippet":"max-snippet:-1","max-image-preview":"max-image-preview:large","max-video-preview":"max-video-preview:-1"},"canonical":"https:\/\/www.zipf-net.de\/blog\/dritter-tag-kurz-tour\/","og_locale":"de_DE","og_type":"article","og_title":"Dritter Tag-> Kurztour | Zipflog.de","og_description":"Heute haben wir einen \u00e2\u20ac\u017eGem\u00fctlichen\u00e2\u20ac\u0153 gemacht. Wir haben nur eine Kurztour gefahren (160 km) und danach waren wir mit dem Auto noch in Bozen. Die Tour f\u00fchrte uns von unserem Hotel in Obereggen \u00fcber den Karersee auf den Nigerpass. Von dort ging es dann hinunter in das sch\u00f6ne Eisacktal. Vor Bozen fuhren wir ab auf [&hellip;]","og_url":"https:\/\/www.zipf-net.de\/blog\/dritter-tag-kurz-tour\/","og_site_name":"Zipflog.de","article_publisher":"https:\/\/www.facebook.com\/joergzipf","article_author":"https:\/\/www.facebook.com\/joergzipf","article_published_time":"2007-07-18T21:45:16+00:00","article_modified_time":"2008-04-19T12:58:50+00:00","og_image":[{"url":"http:\/\/zipf-net.de\/blog\/wp-content\/uploads\/2007\/07\/Mopeten2Vorschaubild.jpg"}],"author":"J\u00f6rg Zipf","schema":{"@context":"https:\/\/schema.org","@graph":[{"@type":"Article","@id":"https:\/\/www.zipf-net.de\/blog\/dritter-tag-kurz-tour\/#article","isPartOf":{"@id":"https:\/\/www.zipf-net.de\/blog\/dritter-tag-kurz-tour\/"},"author":{"name":"J\u00f6rg Zipf","@id":"https:\/\/www.zipf-net.de\/blog\/#\/schema\/person\/8659e2042d3d6841e04f59a54f0d0210"},"headline":"Dritter Tag-> Kurztour","datePublished":"2007-07-18T21:45:16+00:00","dateModified":"2008-04-19T12:58:50+00:00","mainEntityOfPage":{"@id":"https:\/\/www.zipf-net.de\/blog\/dritter-tag-kurz-tour\/"},"wordCount":247,"commentCount":1,"publisher":{"@id":"https:\/\/www.zipf-net.de\/blog\/#\/schema\/person\/8659e2042d3d6841e04f59a54f0d0210"},"image":{"@id":"https:\/\/www.zipf-net.de\/blog\/dritter-tag-kurz-tour\/#primaryimage"},"thumbnailUrl":"http:\/\/zipf-net.de\/blog\/wp-content\/uploads\/2007\/07\/Mopeten2Vorschaubild.jpg","keywords":["Dolomiten","Motorrad","Obereggen","Touren"],"articleSection":["Dolomiten 2007","Touren"],"inLanguage":"de","potentialAction":[{"@type":"CommentAction","name":"Comment","target":["https:\/\/www.zipf-net.de\/blog\/dritter-tag-kurz-tour\/#respond"]}]},{"@type":"WebPage","@id":"https:\/\/www.zipf-net.de\/blog\/dritter-tag-kurz-tour\/","url":"https:\/\/www.zipf-net.de\/blog\/dritter-tag-kurz-tour\/","name":"Dritter Tag-> Kurztour | Zipflog.de","isPartOf":{"@id":"https:\/\/www.zipf-net.de\/blog\/#website"},"primaryImageOfPage":{"@id":"https:\/\/www.zipf-net.de\/blog\/dritter-tag-kurz-tour\/#primaryimage"},"image":{"@id":"https:\/\/www.zipf-net.de\/blog\/dritter-tag-kurz-tour\/#primaryimage"},"thumbnailUrl":"http:\/\/zipf-net.de\/blog\/wp-content\/uploads\/2007\/07\/Mopeten2Vorschaubild.jpg","datePublished":"2007-07-18T21:45:16+00:00","dateModified":"2008-04-19T12:58:50+00:00","breadcrumb":{"@id":"https:\/\/www.zipf-net.de\/blog\/dritter-tag-kurz-tour\/#breadcrumb"},"inLanguage":"de","potentialAction":[{"@type":"ReadAction","target":["https:\/\/www.zipf-net.de\/blog\/dritter-tag-kurz-tour\/"]}]},{"@type":"ImageObject","inLanguage":"de","@id":"https:\/\/www.zipf-net.de\/blog\/dritter-tag-kurz-tour\/#primaryimage","url":"http:\/\/zipf-net.de\/blog\/wp-content\/uploads\/2007\/07\/Mopeten2Vorschaubild.jpg","contentUrl":"http:\/\/zipf-net.de\/blog\/wp-content\/uploads\/2007\/07\/Mopeten2Vorschaubild.jpg"},{"@type":"BreadcrumbList","@id":"https:\/\/www.zipf-net.de\/blog\/dritter-tag-kurz-tour\/#breadcrumb","itemListElement":[{"@type":"ListItem","position":1,"name":"Startseite","item":"https:\/\/www.zipf-net.de\/blog\/"},{"@type":"ListItem","position":2,"name":"Dritter Tag-> Kurztour"}]},{"@type":"WebSite","@id":"https:\/\/www.zipf-net.de\/blog\/#website","url":"https:\/\/www.zipf-net.de\/blog\/","name":"Zipflog.de","description":"Fotografie, Motorrad, Musik und mehr...","publisher":{"@id":"https:\/\/www.zipf-net.de\/blog\/#\/schema\/person\/8659e2042d3d6841e04f59a54f0d0210"},"potentialAction":[{"@type":"SearchAction","target":{"@type":"EntryPoint","urlTemplate":"https:\/\/www.zipf-net.de\/blog\/?s={search_term_string}"},"query-input":{"@type":"PropertyValueSpecification","valueRequired":true,"valueName":"search_term_string"}}],"inLanguage":"de"},{"@type":["Person","Organization"],"@id":"https:\/\/www.zipf-net.de\/blog\/#\/schema\/person\/8659e2042d3d6841e04f59a54f0d0210","name":"J\u00f6rg Zipf","image":{"@type":"ImageObject","inLanguage":"de","@id":"https:\/\/www.zipf-net.de\/blog\/#\/schema\/person\/image\/","url":"https:\/\/secure.gravatar.com\/avatar\/123722e5c65aae60af100c7b03a5352a?s=96&d=mm&r=g","contentUrl":"https:\/\/secure.gravatar.com\/avatar\/123722e5c65aae60af100c7b03a5352a?s=96&d=mm&r=g","caption":"J\u00f6rg Zipf"},"logo":{"@id":"https:\/\/www.zipf-net.de\/blog\/#\/schema\/person\/image\/"},"sameAs":["http:\/\/joerg.zipf-net.de","https:\/\/www.facebook.com\/joergzipf"],"url":"https:\/\/www.zipf-net.de\/blog\/author\/admin\/"}]}},"jetpack_featured_media_url":"","jetpack_shortlink":"https:\/\/wp.me\/p1euvz-B","jetpack_sharing_enabled":true,"jetpack-related-posts":[],"_links":{"self":[{"href":"https:\/\/www.zipf-net.de\/blog\/wp-json\/wp\/v2\/posts\/37"}],"collection":[{"href":"https:\/\/www.zipf-net.de\/blog\/wp-json\/wp\/v2\/posts"}],"about":[{"href":"https:\/\/www.zipf-net.de\/blog\/wp-json\/wp\/v2\/types\/post"}],"author":[{"embeddable":true,"href":"https:\/\/www.zipf-net.de\/blog\/wp-json\/wp\/v2\/users\/1"}],"replies":[{"embeddable":true,"href":"https:\/\/www.zipf-net.de\/blog\/wp-json\/wp\/v2\/comments?post=37"}],"version-history":[{"count":0,"href":"https:\/\/www.zipf-net.de\/blog\/wp-json\/wp\/v2\/posts\/37\/revisions"}],"wp:attachment":[{"href":"https:\/\/www.zipf-net.de\/blog\/wp-json\/wp\/v2\/media?parent=37"}],"wp:term":[{"taxonomy":"category","embeddable":true,"href":"https:\/\/www.zipf-net.de\/blog\/wp-json\/wp\/v2\/categories?post=37"},{"taxonomy":"post_tag","embeddable":true,"href":"https:\/\/www.zipf-net.de\/blog\/wp-json\/wp\/v2\/tags?post=37"}],"curies":[{"name":"wp","href":"https:\/\/api.w.org\/{rel}","templated":true}]}}