{"id":3931,"date":"2016-12-27T16:19:12","date_gmt":"2016-12-27T15:19:12","guid":{"rendered":"http:\/\/www.zipf-net.de\/blog\/?p=3931"},"modified":"2023-05-04T15:03:18","modified_gmt":"2023-05-04T13:03:18","slug":"instagram-fotos-im-hochformat-und-querformat","status":"publish","type":"post","link":"https:\/\/www.zipf-net.de\/blog\/instagram-fotos-im-hochformat-und-querformat\/","title":{"rendered":"Instagram Fotos im Hochformat und Querformat"},"content":{"rendered":"<h2>Hoch- und Querformat auf Instagram<\/h2>\n<p>Viele haben es noch gar nicht gecheckt, aber man kann bereits seit August 2015 auf sein <a href=\"https:\/\/www.instagram.com\/zipfografie\/\">Instagram-Profil<\/a> auch Fotos im Hochformat oder Querformat hochladen. Vorbei ist die Zeit der quadratischen Bilder. Viele st\u00f6rte das quadratische Format und der Wunsch nach z.B. Portraits im Hochformat war st\u00e4ndig und dauernd allgegenw\u00e4rtig.<br \/>\nFindige App-Entwickler l\u00f6sten das Problem damit, dass sie Apps anboten, mit denen man einen (farbigen) Rahmen oder ein &#8222;verschwommenes&#8220; Abbild des Fotos um das Bild als Rahmen setzen kann, um daraus ein &#8222;pseudo&#8220; Hochformat zu machen. <a href=\"https:\/\/itunes.apple.com\/de\/app\/whitagram\/id523481129\">Whitagram<\/a> ist hier wohl eine der bekanntesten Apps. Nat\u00fcrlich k\u00f6nnen diese Apps noch viel mehr als nur die Abbildung der Fotos im Hoch- oder Querformat.<br \/>\nDer Nachteil dieser &#8222;k\u00fcnstlich&#8220; erzeugten Hoch- oder Querformatfotos in den Apps ist, dass in der Account-Anzeige in Instagram diese Rahmen in z.B. schwarz oder wei\u00df sichtbar sind, da dort wiederum die Fotos quadratisch angezeigt werden.<\/p>\n<h2>Wie gehts?<\/h2>\n<p>Wie eingangs schon erw\u00e4hnt kann man sich jetzt diese ganzen zus\u00e4tzlichen Apps und damit auch die &#8222;h\u00e4sslichen&#8220; Rahmen sparen, da Instagram Hoch und Querformat unterst\u00fctzt. Man muss ganz einfach bei der Bildauswahl auf das &#8222;Doppelpfeil&#8220;-Symbol klicken und schon wird das Foto als Quer- oder Hochformatfoto angezeigt. L\u00e4dt man dann das Foto hoch, wird es in der Timeline bzw. Gro\u00dfansicht ohne die k\u00fcnstlich erzeugten Rahmen angezeigt.<\/p>\n<h2>Welches Format benutzt Instagram?<\/h2>\n<p>Bei den Fotos im Querformat (Landscape) funktioniert das sehr gut. Hier ist es Instagram anscheinend v\u00f6llig egal welches Format (2:3 -&gt;Kleinbildformat, 4:3 -&gt;Micro FourThird oder 16:9 -&gt; Handy) das Bild hat. Im Hochformat (Portrait) sieht das allerdings ganz anders aus. Bei den \u00fcblichen Kameraformaten wie 2:3, 4:3 oder 16:9 wird immer ein Teil des Fotos oben und\/oder unten abgeschnitten. Das ist sehr \u00e4rgerlich.<br \/>\nIch habe in den letzten Wochen versucht im Internet irgendwelche hilfreichen Artikel dazu zu finden welches Format denn jetzt das passende f\u00fcr Instagram im Hochformat ist. Leider habe ich immer nur irgendwelche Artikel mit Pixel Angaben gefunden die nicht wirklich helfen. Auch die Frage in mehreren Facebookgruppen nach dem richtigen Format hat nur zu der Empfehlung eine Zusatz-App zu benutzen gef\u00fchrt.<br \/>\nSelbst die <a href=\"https:\/\/help.instagram.com\/1469029763400082\">Instagram-Hilfe<\/a>\u00a0bringt nicht viel. Hier wird als das passende Format 4:5 angegeben, aber auch hier wird leider ein St\u00fcck abgeschnitten.<\/p>\n<p>Nach langem ausprobieren habe ich jetzt herausgefunden, dass das <strong>Format 9:11<\/strong>\u00a0ganz gut passt. Zumindest wird hier nix mehr abgeschnitten.<\/p>\n<h2>Warum so ein komisches Format?<\/h2>\n<p>Warum Instagram so ein v\u00f6llig komisches Format au\u00dferhalb jeglicher Norm benutzt kann ich nur vorsichtig vermuten. Ich denke das passt am besten in die App-Darstellung auf den 16:9 Screens der aktuellen Smartphones. In diesem Format wird der Header- und Footer-Bereich der App und des Fotos komplett angezeigt.<a href=\"http:\/\/www.zipf-net.de\/blog\/wp-content\/uploads\/2016\/12\/IMG_0195.jpg\" class=\"fancyboxgroup\" rel=\"gallery-3931\"><img loading=\"lazy\" decoding=\"async\" data-attachment-id=\"3932\" data-permalink=\"https:\/\/www.zipf-net.de\/blog\/instagram-fotos-im-hochformat-und-querformat\/img_0195\/\" data-orig-file=\"https:\/\/www.zipf-net.de\/blog\/wp-content\/uploads\/2016\/12\/IMG_0195.jpg\" data-orig-size=\"750,1334\" data-comments-opened=\"1\" data-image-meta=\"{&quot;aperture&quot;:&quot;0&quot;,&quot;credit&quot;:&quot;&quot;,&quot;camera&quot;:&quot;&quot;,&quot;caption&quot;:&quot;&quot;,&quot;created_timestamp&quot;:&quot;1482853268&quot;,&quot;copyright&quot;:&quot;&quot;,&quot;focal_length&quot;:&quot;0&quot;,&quot;iso&quot;:&quot;0&quot;,&quot;shutter_speed&quot;:&quot;0&quot;,&quot;title&quot;:&quot;&quot;,&quot;orientation&quot;:&quot;1&quot;}\" data-image-title=\"Instagram Screen Hochformat\" data-image-description=\"\" data-image-caption=\"\" data-medium-file=\"https:\/\/www.zipf-net.de\/blog\/wp-content\/uploads\/2016\/12\/IMG_0195-169x300.jpg\" data-large-file=\"https:\/\/www.zipf-net.de\/blog\/wp-content\/uploads\/2016\/12\/IMG_0195-506x900.jpg\" tabindex=\"0\" role=\"button\" class=\"aligncenter wp-image-3932 size-medium\" src=\"http:\/\/www.zipf-net.de\/blog\/wp-content\/uploads\/2016\/12\/IMG_0195-169x300.jpg\" alt=\"Instagram Screen Hochformat\" width=\"169\" height=\"300\" srcset=\"https:\/\/www.zipf-net.de\/blog\/wp-content\/uploads\/2016\/12\/IMG_0195-169x300.jpg 169w, https:\/\/www.zipf-net.de\/blog\/wp-content\/uploads\/2016\/12\/IMG_0195-506x900.jpg 506w, https:\/\/www.zipf-net.de\/blog\/wp-content\/uploads\/2016\/12\/IMG_0195.jpg 750w\" sizes=\"(max-width: 169px) 100vw, 169px\" \/><\/a><\/p>\n<h2>Was bedeutet das f\u00fcr ein Foto?<\/h2>\n<p>Welche Auswirkung das Format 9:11 auf ein Foto hat, kann man hier an diesem Beispiel sehen. Hier habe ich mal die verschiedenen Formate zugeschnitten. Man sieht ganz deutlich, dass das Format zwar immer breiter wird, aber dann auch in der H\u00f6he immer niedriger und damit fehlt dann ein St\u00fcck.<\/p>\n<div id='gallery-1' class='czr-gallery row flex-row czr-gallery-style gallery galleryid-3931 gallery-columns-3 gallery-size-large'><figure class='gallery-item col col-auto'>\r\n                        <div class='gallery-icon  czr-gallery-icon'>\r\n                              <a href=https:\/\/www.zipf-net.de\/blog\/instagram-fotos-im-hochformat-und-querformat\/ayelen_2_3\/ class=\"bg-link\"><\/a><img loading=\"lazy\" decoding=\"async\" width=\"1\" height=\"1\" src=\"https:\/\/www.zipf-net.de\/blog\/wp-content\/uploads\/2016\/12\/Ayelen_2_3.jpg\" class=\"attachment-large size-large\" alt=\"Hochformat 2:3\" sizes=\"(min-width: 1200px) 350px, (min-width: 992px) 290px, (min-width: 768px) 210px, (min-width: 576px) 150px, calc( 50vw - 30px )\" data-attachment-id=\"3935\" data-permalink=\"https:\/\/www.zipf-net.de\/blog\/instagram-fotos-im-hochformat-und-querformat\/ayelen_2_3\/\" data-orig-file=\"https:\/\/www.zipf-net.de\/blog\/wp-content\/uploads\/2016\/12\/Ayelen_2_3.jpg\" data-orig-size=\"\" data-comments-opened=\"1\" data-image-meta=\"[]\" data-image-title=\"Hochformat 2:3\" data-image-description=\"\" data-image-caption=\"\" data-medium-file=\"https:\/\/www.zipf-net.de\/blog\/wp-content\/uploads\/2016\/12\/Ayelen_2_3.jpg\" data-large-file=\"https:\/\/www.zipf-net.de\/blog\/wp-content\/uploads\/2016\/12\/Ayelen_2_3.jpg\" tabindex=\"0\" role=\"button\" \/><div class=\"post-action btn btn-skin-dark-shaded inverted\"><a href=\"https:\/\/www.zipf-net.de\/blog\/wp-content\/uploads\/2016\/12\/Ayelen_2_3.jpg\" class=\"fancyboxgroup\" rel=\"gallery-3931\" class=\"icn-expand\" data-lb-type=\"grouped-gallery\"><\/a><\/div>\r\n                        <\/div><\/figure><figure class='gallery-item col col-auto'>\r\n                        <div class='gallery-icon  czr-gallery-icon'>\r\n                              <a href=https:\/\/www.zipf-net.de\/blog\/instagram-fotos-im-hochformat-und-querformat\/ayelen_4_3\/ class=\"bg-link\"><\/a><img loading=\"lazy\" decoding=\"async\" width=\"1\" height=\"1\" src=\"https:\/\/www.zipf-net.de\/blog\/wp-content\/uploads\/2016\/12\/Ayelen_4_3.jpg\" class=\"attachment-large size-large\" alt=\"Hochformat 4:3\" sizes=\"(min-width: 1200px) 350px, (min-width: 992px) 290px, (min-width: 768px) 210px, (min-width: 576px) 150px, calc( 50vw - 30px )\" data-attachment-id=\"3936\" data-permalink=\"https:\/\/www.zipf-net.de\/blog\/instagram-fotos-im-hochformat-und-querformat\/ayelen_4_3\/\" data-orig-file=\"https:\/\/www.zipf-net.de\/blog\/wp-content\/uploads\/2016\/12\/Ayelen_4_3.jpg\" data-orig-size=\"\" data-comments-opened=\"1\" data-image-meta=\"[]\" data-image-title=\"Hochformat 4:3\" data-image-description=\"\" data-image-caption=\"\" data-medium-file=\"https:\/\/www.zipf-net.de\/blog\/wp-content\/uploads\/2016\/12\/Ayelen_4_3.jpg\" data-large-file=\"https:\/\/www.zipf-net.de\/blog\/wp-content\/uploads\/2016\/12\/Ayelen_4_3.jpg\" tabindex=\"0\" role=\"button\" \/><div class=\"post-action btn btn-skin-dark-shaded inverted\"><a href=\"https:\/\/www.zipf-net.de\/blog\/wp-content\/uploads\/2016\/12\/Ayelen_4_3.jpg\" class=\"fancyboxgroup\" rel=\"gallery-3931\" class=\"icn-expand\" data-lb-type=\"grouped-gallery\"><\/a><\/div>\r\n                        <\/div><\/figure><figure class='gallery-item col col-auto'>\r\n                        <div class='gallery-icon  czr-gallery-icon'>\r\n                              <a href=https:\/\/www.zipf-net.de\/blog\/instagram-fotos-im-hochformat-und-querformat\/ayelen_4_5\/ class=\"bg-link\"><\/a><img loading=\"lazy\" decoding=\"async\" width=\"1\" height=\"1\" src=\"https:\/\/www.zipf-net.de\/blog\/wp-content\/uploads\/2016\/12\/Ayelen_4_5.jpg\" class=\"attachment-large size-large\" alt=\"Hochformat 4:5\" sizes=\"(min-width: 1200px) 350px, (min-width: 992px) 290px, (min-width: 768px) 210px, (min-width: 576px) 150px, calc( 50vw - 30px )\" data-attachment-id=\"3937\" data-permalink=\"https:\/\/www.zipf-net.de\/blog\/instagram-fotos-im-hochformat-und-querformat\/ayelen_4_5\/\" data-orig-file=\"https:\/\/www.zipf-net.de\/blog\/wp-content\/uploads\/2016\/12\/Ayelen_4_5.jpg\" data-orig-size=\"\" data-comments-opened=\"1\" data-image-meta=\"[]\" data-image-title=\"Hochformat 4:5\" data-image-description=\"\" data-image-caption=\"\" data-medium-file=\"https:\/\/www.zipf-net.de\/blog\/wp-content\/uploads\/2016\/12\/Ayelen_4_5.jpg\" data-large-file=\"https:\/\/www.zipf-net.de\/blog\/wp-content\/uploads\/2016\/12\/Ayelen_4_5.jpg\" tabindex=\"0\" role=\"button\" \/><div class=\"post-action btn btn-skin-dark-shaded inverted\"><a href=\"https:\/\/www.zipf-net.de\/blog\/wp-content\/uploads\/2016\/12\/Ayelen_4_5.jpg\" class=\"fancyboxgroup\" rel=\"gallery-3931\" class=\"icn-expand\" data-lb-type=\"grouped-gallery\"><\/a><\/div>\r\n                        <\/div><\/figure><figure class='gallery-item col col-auto'>\r\n                        <div class='gallery-icon  czr-gallery-icon'>\r\n                              <a href=https:\/\/www.zipf-net.de\/blog\/instagram-fotos-im-hochformat-und-querformat\/ayelen_9_11\/ class=\"bg-link\"><\/a><img loading=\"lazy\" decoding=\"async\" width=\"1\" height=\"1\" src=\"https:\/\/www.zipf-net.de\/blog\/wp-content\/uploads\/2016\/12\/Ayelen_9_11.jpg\" class=\"attachment-large size-large\" alt=\"Hochformat 9:11\" sizes=\"(min-width: 1200px) 350px, (min-width: 992px) 290px, (min-width: 768px) 210px, (min-width: 576px) 150px, calc( 50vw - 30px )\" data-attachment-id=\"3938\" data-permalink=\"https:\/\/www.zipf-net.de\/blog\/instagram-fotos-im-hochformat-und-querformat\/ayelen_9_11\/\" data-orig-file=\"https:\/\/www.zipf-net.de\/blog\/wp-content\/uploads\/2016\/12\/Ayelen_9_11.jpg\" data-orig-size=\"\" data-comments-opened=\"1\" data-image-meta=\"[]\" data-image-title=\"Hochformat 9:11\" data-image-description=\"\" data-image-caption=\"\" data-medium-file=\"https:\/\/www.zipf-net.de\/blog\/wp-content\/uploads\/2016\/12\/Ayelen_9_11.jpg\" data-large-file=\"https:\/\/www.zipf-net.de\/blog\/wp-content\/uploads\/2016\/12\/Ayelen_9_11.jpg\" tabindex=\"0\" role=\"button\" \/><div class=\"post-action btn btn-skin-dark-shaded inverted\"><a href=\"https:\/\/www.zipf-net.de\/blog\/wp-content\/uploads\/2016\/12\/Ayelen_9_11.jpg\" class=\"fancyboxgroup\" rel=\"gallery-3931\" class=\"icn-expand\" data-lb-type=\"grouped-gallery\"><\/a><\/div>\r\n                        <\/div><\/figure>\r\n                  <\/div>\n\n","protected":false},"excerpt":{"rendered":"<p>Hoch- und Querformat auf Instagram Viele haben es noch gar nicht gecheckt, aber man kann bereits seit August 2015 auf sein Instagram-Profil auch Fotos im Hochformat oder Querformat hochladen. Vorbei ist die Zeit der quadratischen Bilder. Viele st\u00f6rte das quadratische Format und der Wunsch nach z.B. Portraits im Hochformat war st\u00e4ndig und dauernd allgegenw\u00e4rtig. Findige [&hellip;]<\/p>\n","protected":false},"author":1,"featured_media":3935,"comment_status":"open","ping_status":"open","sticky":false,"template":"","format":"standard","meta":{"jetpack_post_was_ever_published":false,"_jetpack_newsletter_access":"","_jetpack_dont_email_post_to_subs":false,"_jetpack_newsletter_tier_id":0,"_jetpack_memberships_contains_paywalled_content":false,"footnotes":"","_jetpack_memberships_contains_paid_content":false,"jetpack_publicize_message":"","jetpack_publicize_feature_enabled":true,"jetpack_social_post_already_shared":true,"jetpack_social_options":{"image_generator_settings":{"template":"highway","enabled":false},"version":2}},"categories":[44,137],"tags":[162,167,168,142],"jetpack_publicize_connections":[],"yoast_head":"<!-- This site is optimized with the Yoast SEO plugin v23.5 - https:\/\/yoast.com\/wordpress\/plugins\/seo\/ -->\n<title>Instagram Fotos im Hochformat und Querformat | Zipflog.de<\/title>\n<meta name=\"description\" content=\"Man kann bereits seit August 2015 auf Instagram auch Fotos im Hochformat oder Querformat hochladen. Vorbei ist die Zeit der quadratischen Bilder.\" \/>\n<meta name=\"robots\" content=\"index, follow, max-snippet:-1, max-image-preview:large, max-video-preview:-1\" \/>\n<link rel=\"canonical\" href=\"https:\/\/www.zipf-net.de\/blog\/instagram-fotos-im-hochformat-und-querformat\/\" \/>\n<meta property=\"og:locale\" content=\"de_DE\" \/>\n<meta property=\"og:type\" content=\"article\" \/>\n<meta property=\"og:title\" content=\"Instagram Fotos im Hochformat und Querformat | Zipflog.de\" \/>\n<meta property=\"og:description\" content=\"Man kann bereits seit August 2015 auf Instagram auch Fotos im Hochformat oder Querformat hochladen. Vorbei ist die Zeit der quadratischen Bilder.\" \/>\n<meta property=\"og:url\" content=\"https:\/\/www.zipf-net.de\/blog\/instagram-fotos-im-hochformat-und-querformat\/\" \/>\n<meta property=\"og:site_name\" content=\"Zipflog.de\" \/>\n<meta property=\"article:publisher\" content=\"https:\/\/www.facebook.com\/joergzipf\" \/>\n<meta property=\"article:author\" content=\"https:\/\/www.facebook.com\/joergzipf\" \/>\n<meta property=\"article:published_time\" content=\"2016-12-27T15:19:12+00:00\" \/>\n<meta property=\"article:modified_time\" content=\"2023-05-04T13:03:18+00:00\" \/>\n<meta property=\"og:image\" content=\"http:\/\/www.zipf-net.de\/blog\/wp-content\/uploads\/2016\/12\/Ayelen_2_3.jpg\" \/>\n\t<meta property=\"og:image:width\" content=\"1\" \/>\n\t<meta property=\"og:image:height\" content=\"1\" \/>\n\t<meta property=\"og:image:type\" content=\"image\/jpeg\" \/>\n<meta name=\"author\" content=\"J\u00f6rg Zipf\" \/>\n<script type=\"application\/ld+json\" class=\"yoast-schema-graph\">{\"@context\":\"https:\/\/schema.org\",\"@graph\":[{\"@type\":\"Article\",\"@id\":\"https:\/\/www.zipf-net.de\/blog\/instagram-fotos-im-hochformat-und-querformat\/#article\",\"isPartOf\":{\"@id\":\"https:\/\/www.zipf-net.de\/blog\/instagram-fotos-im-hochformat-und-querformat\/\"},\"author\":{\"name\":\"J\u00f6rg Zipf\",\"@id\":\"https:\/\/www.zipf-net.de\/blog\/#\/schema\/person\/8659e2042d3d6841e04f59a54f0d0210\"},\"headline\":\"Instagram Fotos im Hochformat und Querformat\",\"datePublished\":\"2016-12-27T15:19:12+00:00\",\"dateModified\":\"2023-05-04T13:03:18+00:00\",\"mainEntityOfPage\":{\"@id\":\"https:\/\/www.zipf-net.de\/blog\/instagram-fotos-im-hochformat-und-querformat\/\"},\"wordCount\":527,\"commentCount\":0,\"publisher\":{\"@id\":\"https:\/\/www.zipf-net.de\/blog\/#\/schema\/person\/8659e2042d3d6841e04f59a54f0d0210\"},\"image\":{\"@id\":\"https:\/\/www.zipf-net.de\/blog\/instagram-fotos-im-hochformat-und-querformat\/#primaryimage\"},\"thumbnailUrl\":\"https:\/\/www.zipf-net.de\/blog\/wp-content\/uploads\/2016\/12\/Ayelen_2_3.jpg\",\"keywords\":[\"Foto\",\"Instagram\",\"Socialmedia\",\"Tipp\"],\"articleSection\":[\"Foto\",\"Tipps &amp; Tricks\"],\"inLanguage\":\"de\",\"potentialAction\":[{\"@type\":\"CommentAction\",\"name\":\"Comment\",\"target\":[\"https:\/\/www.zipf-net.de\/blog\/instagram-fotos-im-hochformat-und-querformat\/#respond\"]}]},{\"@type\":\"WebPage\",\"@id\":\"https:\/\/www.zipf-net.de\/blog\/instagram-fotos-im-hochformat-und-querformat\/\",\"url\":\"https:\/\/www.zipf-net.de\/blog\/instagram-fotos-im-hochformat-und-querformat\/\",\"name\":\"Instagram Fotos im Hochformat und Querformat | Zipflog.de\",\"isPartOf\":{\"@id\":\"https:\/\/www.zipf-net.de\/blog\/#website\"},\"primaryImageOfPage\":{\"@id\":\"https:\/\/www.zipf-net.de\/blog\/instagram-fotos-im-hochformat-und-querformat\/#primaryimage\"},\"image\":{\"@id\":\"https:\/\/www.zipf-net.de\/blog\/instagram-fotos-im-hochformat-und-querformat\/#primaryimage\"},\"thumbnailUrl\":\"https:\/\/www.zipf-net.de\/blog\/wp-content\/uploads\/2016\/12\/Ayelen_2_3.jpg\",\"datePublished\":\"2016-12-27T15:19:12+00:00\",\"dateModified\":\"2023-05-04T13:03:18+00:00\",\"description\":\"Man kann bereits seit August 2015 auf Instagram auch Fotos im Hochformat oder Querformat hochladen. Vorbei ist die Zeit der quadratischen Bilder.\",\"breadcrumb\":{\"@id\":\"https:\/\/www.zipf-net.de\/blog\/instagram-fotos-im-hochformat-und-querformat\/#breadcrumb\"},\"inLanguage\":\"de\",\"potentialAction\":[{\"@type\":\"ReadAction\",\"target\":[\"https:\/\/www.zipf-net.de\/blog\/instagram-fotos-im-hochformat-und-querformat\/\"]}]},{\"@type\":\"ImageObject\",\"inLanguage\":\"de\",\"@id\":\"https:\/\/www.zipf-net.de\/blog\/instagram-fotos-im-hochformat-und-querformat\/#primaryimage\",\"url\":\"https:\/\/www.zipf-net.de\/blog\/wp-content\/uploads\/2016\/12\/Ayelen_2_3.jpg\",\"contentUrl\":\"https:\/\/www.zipf-net.de\/blog\/wp-content\/uploads\/2016\/12\/Ayelen_2_3.jpg\",\"caption\":\"Hochformat 2:3\"},{\"@type\":\"BreadcrumbList\",\"@id\":\"https:\/\/www.zipf-net.de\/blog\/instagram-fotos-im-hochformat-und-querformat\/#breadcrumb\",\"itemListElement\":[{\"@type\":\"ListItem\",\"position\":1,\"name\":\"Startseite\",\"item\":\"https:\/\/www.zipf-net.de\/blog\/\"},{\"@type\":\"ListItem\",\"position\":2,\"name\":\"Instagram Fotos im Hochformat und Querformat\"}]},{\"@type\":\"WebSite\",\"@id\":\"https:\/\/www.zipf-net.de\/blog\/#website\",\"url\":\"https:\/\/www.zipf-net.de\/blog\/\",\"name\":\"Zipflog.de\",\"description\":\"Fotografie, Motorrad, Musik und mehr...\",\"publisher\":{\"@id\":\"https:\/\/www.zipf-net.de\/blog\/#\/schema\/person\/8659e2042d3d6841e04f59a54f0d0210\"},\"potentialAction\":[{\"@type\":\"SearchAction\",\"target\":{\"@type\":\"EntryPoint\",\"urlTemplate\":\"https:\/\/www.zipf-net.de\/blog\/?s={search_term_string}\"},\"query-input\":{\"@type\":\"PropertyValueSpecification\",\"valueRequired\":true,\"valueName\":\"search_term_string\"}}],\"inLanguage\":\"de\"},{\"@type\":[\"Person\",\"Organization\"],\"@id\":\"https:\/\/www.zipf-net.de\/blog\/#\/schema\/person\/8659e2042d3d6841e04f59a54f0d0210\",\"name\":\"J\u00f6rg Zipf\",\"image\":{\"@type\":\"ImageObject\",\"inLanguage\":\"de\",\"@id\":\"https:\/\/www.zipf-net.de\/blog\/#\/schema\/person\/image\/\",\"url\":\"https:\/\/secure.gravatar.com\/avatar\/123722e5c65aae60af100c7b03a5352a?s=96&d=mm&r=g\",\"contentUrl\":\"https:\/\/secure.gravatar.com\/avatar\/123722e5c65aae60af100c7b03a5352a?s=96&d=mm&r=g\",\"caption\":\"J\u00f6rg Zipf\"},\"logo\":{\"@id\":\"https:\/\/www.zipf-net.de\/blog\/#\/schema\/person\/image\/\"},\"sameAs\":[\"http:\/\/joerg.zipf-net.de\",\"https:\/\/www.facebook.com\/joergzipf\"],\"url\":\"https:\/\/www.zipf-net.de\/blog\/author\/admin\/\"}]}<\/script>\n<!-- \/ Yoast SEO plugin. -->","yoast_head_json":{"title":"Instagram Fotos im Hochformat und Querformat | Zipflog.de","description":"Man kann bereits seit August 2015 auf Instagram auch Fotos im Hochformat oder Querformat hochladen. Vorbei ist die Zeit der quadratischen Bilder.","robots":{"index":"index","follow":"follow","max-snippet":"max-snippet:-1","max-image-preview":"max-image-preview:large","max-video-preview":"max-video-preview:-1"},"canonical":"https:\/\/www.zipf-net.de\/blog\/instagram-fotos-im-hochformat-und-querformat\/","og_locale":"de_DE","og_type":"article","og_title":"Instagram Fotos im Hochformat und Querformat | Zipflog.de","og_description":"Man kann bereits seit August 2015 auf Instagram auch Fotos im Hochformat oder Querformat hochladen. Vorbei ist die Zeit der quadratischen Bilder.","og_url":"https:\/\/www.zipf-net.de\/blog\/instagram-fotos-im-hochformat-und-querformat\/","og_site_name":"Zipflog.de","article_publisher":"https:\/\/www.facebook.com\/joergzipf","article_author":"https:\/\/www.facebook.com\/joergzipf","article_published_time":"2016-12-27T15:19:12+00:00","article_modified_time":"2023-05-04T13:03:18+00:00","og_image":[{"url":"http:\/\/www.zipf-net.de\/blog\/wp-content\/uploads\/2016\/12\/Ayelen_2_3.jpg","width":1,"height":1,"type":"image\/jpeg"}],"author":"J\u00f6rg Zipf","schema":{"@context":"https:\/\/schema.org","@graph":[{"@type":"Article","@id":"https:\/\/www.zipf-net.de\/blog\/instagram-fotos-im-hochformat-und-querformat\/#article","isPartOf":{"@id":"https:\/\/www.zipf-net.de\/blog\/instagram-fotos-im-hochformat-und-querformat\/"},"author":{"name":"J\u00f6rg Zipf","@id":"https:\/\/www.zipf-net.de\/blog\/#\/schema\/person\/8659e2042d3d6841e04f59a54f0d0210"},"headline":"Instagram Fotos im Hochformat und Querformat","datePublished":"2016-12-27T15:19:12+00:00","dateModified":"2023-05-04T13:03:18+00:00","mainEntityOfPage":{"@id":"https:\/\/www.zipf-net.de\/blog\/instagram-fotos-im-hochformat-und-querformat\/"},"wordCount":527,"commentCount":0,"publisher":{"@id":"https:\/\/www.zipf-net.de\/blog\/#\/schema\/person\/8659e2042d3d6841e04f59a54f0d0210"},"image":{"@id":"https:\/\/www.zipf-net.de\/blog\/instagram-fotos-im-hochformat-und-querformat\/#primaryimage"},"thumbnailUrl":"https:\/\/www.zipf-net.de\/blog\/wp-content\/uploads\/2016\/12\/Ayelen_2_3.jpg","keywords":["Foto","Instagram","Socialmedia","Tipp"],"articleSection":["Foto","Tipps &amp; Tricks"],"inLanguage":"de","potentialAction":[{"@type":"CommentAction","name":"Comment","target":["https:\/\/www.zipf-net.de\/blog\/instagram-fotos-im-hochformat-und-querformat\/#respond"]}]},{"@type":"WebPage","@id":"https:\/\/www.zipf-net.de\/blog\/instagram-fotos-im-hochformat-und-querformat\/","url":"https:\/\/www.zipf-net.de\/blog\/instagram-fotos-im-hochformat-und-querformat\/","name":"Instagram Fotos im Hochformat und Querformat | Zipflog.de","isPartOf":{"@id":"https:\/\/www.zipf-net.de\/blog\/#website"},"primaryImageOfPage":{"@id":"https:\/\/www.zipf-net.de\/blog\/instagram-fotos-im-hochformat-und-querformat\/#primaryimage"},"image":{"@id":"https:\/\/www.zipf-net.de\/blog\/instagram-fotos-im-hochformat-und-querformat\/#primaryimage"},"thumbnailUrl":"https:\/\/www.zipf-net.de\/blog\/wp-content\/uploads\/2016\/12\/Ayelen_2_3.jpg","datePublished":"2016-12-27T15:19:12+00:00","dateModified":"2023-05-04T13:03:18+00:00","description":"Man kann bereits seit August 2015 auf Instagram auch Fotos im Hochformat oder Querformat hochladen. Vorbei ist die Zeit der quadratischen Bilder.","breadcrumb":{"@id":"https:\/\/www.zipf-net.de\/blog\/instagram-fotos-im-hochformat-und-querformat\/#breadcrumb"},"inLanguage":"de","potentialAction":[{"@type":"ReadAction","target":["https:\/\/www.zipf-net.de\/blog\/instagram-fotos-im-hochformat-und-querformat\/"]}]},{"@type":"ImageObject","inLanguage":"de","@id":"https:\/\/www.zipf-net.de\/blog\/instagram-fotos-im-hochformat-und-querformat\/#primaryimage","url":"https:\/\/www.zipf-net.de\/blog\/wp-content\/uploads\/2016\/12\/Ayelen_2_3.jpg","contentUrl":"https:\/\/www.zipf-net.de\/blog\/wp-content\/uploads\/2016\/12\/Ayelen_2_3.jpg","caption":"Hochformat 2:3"},{"@type":"BreadcrumbList","@id":"https:\/\/www.zipf-net.de\/blog\/instagram-fotos-im-hochformat-und-querformat\/#breadcrumb","itemListElement":[{"@type":"ListItem","position":1,"name":"Startseite","item":"https:\/\/www.zipf-net.de\/blog\/"},{"@type":"ListItem","position":2,"name":"Instagram Fotos im Hochformat und Querformat"}]},{"@type":"WebSite","@id":"https:\/\/www.zipf-net.de\/blog\/#website","url":"https:\/\/www.zipf-net.de\/blog\/","name":"Zipflog.de","description":"Fotografie, Motorrad, Musik und mehr...","publisher":{"@id":"https:\/\/www.zipf-net.de\/blog\/#\/schema\/person\/8659e2042d3d6841e04f59a54f0d0210"},"potentialAction":[{"@type":"SearchAction","target":{"@type":"EntryPoint","urlTemplate":"https:\/\/www.zipf-net.de\/blog\/?s={search_term_string}"},"query-input":{"@type":"PropertyValueSpecification","valueRequired":true,"valueName":"search_term_string"}}],"inLanguage":"de"},{"@type":["Person","Organization"],"@id":"https:\/\/www.zipf-net.de\/blog\/#\/schema\/person\/8659e2042d3d6841e04f59a54f0d0210","name":"J\u00f6rg Zipf","image":{"@type":"ImageObject","inLanguage":"de","@id":"https:\/\/www.zipf-net.de\/blog\/#\/schema\/person\/image\/","url":"https:\/\/secure.gravatar.com\/avatar\/123722e5c65aae60af100c7b03a5352a?s=96&d=mm&r=g","contentUrl":"https:\/\/secure.gravatar.com\/avatar\/123722e5c65aae60af100c7b03a5352a?s=96&d=mm&r=g","caption":"J\u00f6rg Zipf"},"logo":{"@id":"https:\/\/www.zipf-net.de\/blog\/#\/schema\/person\/image\/"},"sameAs":["http:\/\/joerg.zipf-net.de","https:\/\/www.facebook.com\/joergzipf"],"url":"https:\/\/www.zipf-net.de\/blog\/author\/admin\/"}]}},"jetpack_featured_media_url":"https:\/\/www.zipf-net.de\/blog\/wp-content\/uploads\/2016\/12\/Ayelen_2_3.jpg","jetpack_shortlink":"https:\/\/wp.me\/p1euvz-11p","jetpack_sharing_enabled":true,"jetpack-related-posts":[],"_links":{"self":[{"href":"https:\/\/www.zipf-net.de\/blog\/wp-json\/wp\/v2\/posts\/3931"}],"collection":[{"href":"https:\/\/www.zipf-net.de\/blog\/wp-json\/wp\/v2\/posts"}],"about":[{"href":"https:\/\/www.zipf-net.de\/blog\/wp-json\/wp\/v2\/types\/post"}],"author":[{"embeddable":true,"href":"https:\/\/www.zipf-net.de\/blog\/wp-json\/wp\/v2\/users\/1"}],"replies":[{"embeddable":true,"href":"https:\/\/www.zipf-net.de\/blog\/wp-json\/wp\/v2\/comments?post=3931"}],"version-history":[{"count":21,"href":"https:\/\/www.zipf-net.de\/blog\/wp-json\/wp\/v2\/posts\/3931\/revisions"}],"predecessor-version":[{"id":11453,"href":"https:\/\/www.zipf-net.de\/blog\/wp-json\/wp\/v2\/posts\/3931\/revisions\/11453"}],"wp:featuredmedia":[{"embeddable":true,"href":"https:\/\/www.zipf-net.de\/blog\/wp-json\/wp\/v2\/media\/3935"}],"wp:attachment":[{"href":"https:\/\/www.zipf-net.de\/blog\/wp-json\/wp\/v2\/media?parent=3931"}],"wp:term":[{"taxonomy":"category","embeddable":true,"href":"https:\/\/www.zipf-net.de\/blog\/wp-json\/wp\/v2\/categories?post=3931"},{"taxonomy":"post_tag","embeddable":true,"href":"https:\/\/www.zipf-net.de\/blog\/wp-json\/wp\/v2\/tags?post=3931"}],"curies":[{"name":"wp","href":"https:\/\/api.w.org\/{rel}","templated":true}]}}